{"id":970,"date":"2016-12-02T18:15:18","date_gmt":"2016-12-02T21:15:18","guid":{"rendered":"http:\/\/colegioinmaculada.com.ar\/portal\/?p=970"},"modified":"2017-03-02T11:16:29","modified_gmt":"2017-03-02T14:16:29","slug":"la-tercera-orden-franciscana-sus-inicios","status":"publish","type":"post","link":"https:\/\/colegioinmaculada.com.ar\/portal\/la-tercera-orden-franciscana-sus-inicios\/","title":{"rendered":"LA  TERCERA  ORDEN  FRANCISCANA SUS INICIOS"},"content":{"rendered":"<p>\u201cLa m\u00e1s antigua Fraternidad del Tucum\u00e1n y de la Argentina entera, desde los primeros terciarios, conquistadores y pobladores de la ciudad de Cabrera, tom\u00f3 como Titular y Protectora de ella, a la Santa terciaria Rosa de Viterbo, quien es la Primera Patrona de la Fraternidad conventual, ser\u00e1fica.<\/p>\n<p>\u201cRespecto al nombre dado a nuestra Fraternidad de la Tercera Orden en C\u00f3rdoba y en la Iglesia de San Francisco, habr\u00e1 que remontarse a dos documentos\u2026<\/p>\n<p>\u201cUno corresponde al d\u00eda 28 de noviembre de 1699, en el cual do\u00f1a Antonia de Carvajal, viuda de don Jer\u00f3nimo Luis III de Cabrera, quien viv\u00eda y ten\u00eda la casa de su morada colindante con la Iglesia de San Francisco, en su testamento de 1699, `\u2026se mandaba sepultar en la capilla de Santa Rosa, en la Iglesia de San Francisco, con el h\u00e1bito de la Tercera Orden\u2026\u00b4<\/p>\n<p>\u201cEn estas pocas l\u00edneas vemos que la Orden Tercera estaba ya hac\u00eda mucho tiempo entre nosotros y que la Titular de ella era Santa Rosa de Viterbo, en su capilla o altar, era desde luego el Altar Terciario.<\/p>\n<p>\u201cEl otro testimonio es una transcripci\u00f3n de un Breve o documento pontificio del Papa Clemente XI dado en Roma el 14 de enero de 1701, concediendo varias Indulgencias `en el d\u00eda y fiesta de Santa Rosa de Viterbo, virgen, que se celebra el d\u00eda 4 de setiembre de cada un a\u00f1o seg\u00fan se contiene en el dicho Breve que ante Nos se present\u00f3\u2026\u2019.<\/p>\n<p>\u201cEste testimonio es dado en la Ciudad de C\u00f3rdoba el d\u00eda 1\u00ba de agosto de 1703. Dicho documento firmado por el Obispo de C\u00f3rdoba, Provincia del Tucum\u00e1n, Maestro don Fray Manuel Mercadillo, dominico, (1694-1704), prueba la titularidad de la Santa de Viterbo sobre nuestra hist\u00f3rica Fraternidad.<\/p>\n<p>\u201cUno de los primeros libros de Actas de la Fraternidad de Santa Rosa de Viterbo, tiene el encabezamiento siguiente:<\/p>\n<p>\u00b4Libro de la Tercera Orden de Penitencia de Nuestro Padre San Francisco, hecho en esta ciudad de C\u00f3rdoba el a\u00f1o de mil setecientos cuarenta y tres, a primero de setiembre; para escribir, y asentar en \u00e9l los nombres de los hermanos y hermanas de dicha Tercera Orden, admitidos seg\u00fan y como\u00a0 lo declaran las leyes de la misma Orden y tambi\u00e9n para poner algunas ordenanzas y modo de proceder para el r\u00e9gimen de las Juntas que se ofrecen de los dichos hermanos terceros de la dicha Orden\u2019.<\/p>\n<p>\u201cAs\u00ed, la primer Acta es fechada el 4 de setiembre de 1743, `en el Convento de San Jorge de C\u00f3rdoba\u2019, siendo electo Ministro don Juan de Arana y Rector Fray Marcos Chamorro.<\/p>\n<p><strong><u>\u00a0<\/u><\/strong><\/p>\n<p>(1)Garz\u00f3n de Nelles, Mar\u00eda Ignacia: La Orden Franciscana de los Frailes Menores en la Ciudad de C\u00f3rdoba: la Tercera Orden y la fraternidad local \u201cSanta Rosa de Viterbo\u201d. 1\u00ba ed. C\u00f3rdoba: Del Copista. 2006.<\/p>\n","protected":false},"excerpt":{"rendered":"<p>\u201cLa m\u00e1s antigua Fraternidad del Tucum\u00e1n y de la Argentina entera, desde los primeros terciarios, conquistadores y pobladores de la ciudad de Cabrera, tom\u00f3 como Titular y Protectora de ella, a la Santa terciaria Rosa de Viterbo, quien es la Primera Patrona de la Fraternidad conventual, ser\u00e1fica. \u201cRespecto al nombre dado a nuestra Fraternidad de [&hellip;]<\/p>\n","protected":false},"author":3,"featured_media":0,"comment_status":"closed","ping_status":"closed","sticky":false,"template":"","format":"standard","meta":{"_acf_changed":false,"footnotes":""},"categories":[90],"tags":[],"class_list":["post-970","post","type-post","status-publish","format-standard","hentry","category-institucional"],"acf":[],"_links":{"self":[{"href":"https:\/\/colegioinmaculada.com.ar\/portal\/wp-json\/wp\/v2\/posts\/970","targetHints":{"allow":["GET"]}}],"collection":[{"href":"https:\/\/colegioinmaculada.com.ar\/portal\/wp-json\/wp\/v2\/posts"}],"about":[{"href":"https:\/\/colegioinmaculada.com.ar\/portal\/wp-json\/wp\/v2\/types\/post"}],"author":[{"embeddable":true,"href":"https:\/\/colegioinmaculada.com.ar\/portal\/wp-json\/wp\/v2\/users\/3"}],"replies":[{"embeddable":true,"href":"https:\/\/colegioinmaculada.com.ar\/portal\/wp-json\/wp\/v2\/comments?post=970"}],"version-history":[{"count":1,"href":"https:\/\/colegioinmaculada.com.ar\/portal\/wp-json\/wp\/v2\/posts\/970\/revisions"}],"predecessor-version":[{"id":971,"href":"https:\/\/colegioinmaculada.com.ar\/portal\/wp-json\/wp\/v2\/posts\/970\/revisions\/971"}],"wp:attachment":[{"href":"https:\/\/colegioinmaculada.com.ar\/portal\/wp-json\/wp\/v2\/media?parent=970"}],"wp:term":[{"taxonomy":"category","embeddable":true,"href":"https:\/\/colegioinmaculada.com.ar\/portal\/wp-json\/wp\/v2\/categories?post=970"},{"taxonomy":"post_tag","embeddable":true,"href":"https:\/\/colegioinmaculada.com.ar\/portal\/wp-json\/wp\/v2\/tags?post=970"}],"curies":[{"name":"wp","href":"https:\/\/api.w.org\/{rel}","templated":true}]}}