{"id":968,"date":"2016-12-02T18:14:46","date_gmt":"2016-12-02T21:14:46","guid":{"rendered":"http:\/\/colegioinmaculada.com.ar\/portal\/?p=968"},"modified":"2017-03-02T11:16:11","modified_gmt":"2017-03-02T14:16:11","slug":"identidad-institucional","status":"publish","type":"post","link":"https:\/\/colegioinmaculada.com.ar\/portal\/identidad-institucional\/","title":{"rendered":"IDENTIDAD INSTITUCIONAL"},"content":{"rendered":"<p>Nuestra Identidad Institucional se basa en el equilibrio entre la Fe y la Cultura formando hombres creados y abiertos a la trascendencia, que vivan en Paz y Bien de acuerdo al carisma franciscano consigo mismo, con sus semejantes y la creaci\u00f3n toda.-<\/p>\n<p>Elegimos un proyecto de vida centrado de Cristo conforme a la Fe de la Iglesia.-<\/p>\n<p>&nbsp;<\/p>\n<p>&nbsp;<\/p>\n<h1 class=\"title\"><strong>ESTILO FORMATIVO<\/strong><\/h1>\n<p>Creemos que la Educaci\u00f3n es la tarea personal y comunitaria de llevar a cabo un proyecto de vida, es decir auto conducir y perfeccionar la vida de acuerdo con las caracter\u00edsticas de cada persona y las de la \u00e9poca en que les toca vivir; que es camino y meta para humanizar y personalizar al Hombre; que es la v\u00eda para formar seres fuertes y responsables, capaces de hacer opciones libres y justas, en un marco de valores y actitudes tales como: responsabilidad, sincera b\u00fasqueda de la verdad, solidaridad y servicio, sensibilidad hacia la justicia; que la m\u00e1xima aspiraci\u00f3n como Escuela Franciscana es lograr un esp\u00edritu de pobreza, de minoridad, de conversi\u00f3n, de paz y convivencia, de alegr\u00eda y servicio fraterno.-<\/p>\n<p>En consecuencia como Educadores nos proponemos conseguir verdadera s\u00edntesis de Fe y Ciencia, para luego poder trasmitirla a los educandos en el proceso ense\u00f1anza-aprendizaje en cada \u00e1rea del conocimiento.-<\/p>\n<p>Con un control de calidad a trav\u00e9s de la Educaci\u00f3n Sistem\u00e1tica en una estructura integrada por niveles y ciclos y donde los responsables conformen un comunidad vinculada entre si (familia, estado, iglesia, organizaciones sociales).-<\/p>\n<p>El fin que intentamos obtener es que la persona adquiera competencias, desarrolle capacidades complejas y sintetice experiencias.-<\/p>\n<p>Nuestro prop\u00f3sito es preparar alumnos que junto con una concepci\u00f3n de hombre caritativo-fraternal, alegre y humilde, logre el crecimiento arm\u00f3nico, coherente y en libertad de una persona responsable, honesta y solidaria; que posea autocr\u00edtica y sea exigente consigo mismo y que acepte los fracasos para fortalecer as\u00ed el esp\u00edritu de lucha y superaci\u00f3n; que manifieste un profundo respeto por los otros y que guste de la actualizaci\u00f3n y capacitaci\u00f3n en sana competencia; que sea portador de valores \u00e9ticos y morales y transmisor de los principios de la identidad nacional; que adquiera una profunda Fe Cristiana en la pr\u00e1ctica del Franciscanismo y que \u00e9sta sea el referente en todo accionar hacia la trascendencia.-<\/p>\n<p>&nbsp;<\/p>\n<h1 class=\"title\"><strong>OBJETIVOS\u00a0 GENERALES<\/strong><\/h1>\n<p>Comprometerse con el carisma franciscano a seguir el ejemplo y las ense\u00f1anzas de Cristo, buscando con esp\u00edritu de minoridad, la realizaci\u00f3n de una historia humana m\u00e1s digna cuyo objetivo es la valoraci\u00f3n y salvaci\u00f3n del hombre creado a imagen y semejanza de Dios.- \u00b7<\/p>\n<p>Tomar y hacer tomar conciencia de que el hombre cuando se aleja del designio del creador, provoca un desorden en su interior y en la comunidad de la cual forma parte.- \u00b7<\/p>\n<p>Reconocer que por el llamado de la Fe, somos personas que debemos crecer y asumirnos como tal para realizarnos en el plano trascendente y lograr cambiar nuestro entorno.- \u00b7<\/p>\n<p>Lograr a trav\u00e9s de la Educaci\u00f3n la integraci\u00f3n entre los valores de la vida y el sentido de la realidad.- \u00b7<\/p>\n<p>Aspirar a la formaci\u00f3n de la persona en la totalidad de sus dimensiones (ser hist\u00f3rico-plurirelacional, bio-psico-espiritual y trascendente).- \u00b7<\/p>\n<p>Lograr en nuestra comunidad educativa franciscana una convivencia basada en el esp\u00edritu de apertura, inculcando valores que hagan comprender a nuestros miembros que son parte viva y activa y que deben estar prontos a comunicar estos principios en la sociedad en que viven.- \u00b7<\/p>\n<p>Lograr una verdadera identificaci\u00f3n de roles, funciones y grados de responsabilidad en cada uno de los miembros activos de la comunidad educativa.- \u00b7<\/p>\n<p>Crear espacios de participaci\u00f3n como escuela para padres, Centro de Alumnos y de Exalumnos, con claros principios de participaci\u00f3n, corresponsabilidad y subsidiariedad.-<\/p>\n<p>&nbsp;<\/p>\n<p>&nbsp;<\/p>\n<h1 class=\"title\"><strong>CONVIVIR EN LA PRACTICA DE LOS VALORES<\/strong><\/h1>\n<p><strong>OBJETIVOS<\/strong><\/p>\n<p>1) Estar unidos fraternalmente entre todos para trabajar por el Bien Com\u00fan dentro de la Paz y la Justicia (Alegr\u00eda).<\/p>\n<p>2) Promover el logro de una transparencia dentro de las estructuras y que las jerarqu\u00edas, niveles y naturales diferencias tengan su l\u00f3gica explicaci\u00f3n en la capacidad y contribuci\u00f3n espec\u00edfica de cada uno. (Sinceridad-autocrtitca-compromiso).<\/p>\n<p>3) Mantener la disciplina individual y grupal como un manifestaci\u00f3n que nace en el interior de cada uno (libertad responsable).<\/p>\n<p>4) Valorar el cumplimiento de cada palabra empe\u00f1ada y la significaci\u00f3n que ella tiene. (sinceridad).<\/p>\n<p>5) Poseer una postura inicial positiva para hacer frente a cualquier situaci\u00f3n adversa (prudencia).<\/p>\n<p>6) Fomentar la contracci\u00f3n al trabajo y al estudio a partir del ejemplo personal (responsabilidad-servicio-respeto mutuo).<\/p>\n<p>7) Buscar siempre la eficiencia para agregar rendimiento y calidad a nuestra labor (responsabilidad).<\/p>\n<p>8) Reconocer el error la necesidad de pedir perd\u00f3n (humildad &#8211; autocr\u00edtica).<\/p>\n<p>&nbsp;<\/p>\n<p><strong>PARA EDUCAR EN VALORES:<\/strong><\/p>\n<p>1) Aceptar a las personas tal cual son: imitando y disfrutando sus virtudes, disimulando y corrigiendo con humildad sus defectos (voluntad \u2013 humildad &#8211; alegr\u00eda).<\/p>\n<p>2) Ejercer la autoridad al hablar sin herir la dignidad del otro.<\/p>\n<p>3) Ser solidarios: escuchar al otro en sus dificultades (apertura \u2013 servicio &#8211; humildad).<\/p>\n<p>4) Conocer las capacidades de los dem\u00e1s y exigir en consecuencia (respeto \u2013 responsabilidad &#8211; servicio).<\/p>\n<p>5) Combinar persistencia con paciencia (practicando la Tolerancia como h\u00e1bito de vida).<\/p>\n<p>6) Evitar las expresiones y actitudes que ocasionan da\u00f1o al buen nombre del pr\u00f3jimo, al equilibrio de la comunidad educativa y a todo lo que distorsione los sentimientos de fraternidad y caridad.<\/p>\n<p>7) Concientizar en el actuar para anticipar y disminuir riesgo y accidentes (responsabilidad \u2013 eficiencia &#8211; pertenencia).<\/p>\n<p>8) Escuchar las iniciativas de todos, fomentando la participaci\u00f3n y creatividad (apertura).<\/p>\n<p>9) Atender las situaciones problem\u00e1ticas en forma r\u00e1pida y objetiva (responsabilidad &#8211; eficacia). Reconocer a quien lo merezca, estimulando sus acciones (pertenencia).<\/p>\n<p>10) Evitar el favoritismo y las discrepancias que con ello se puedan crear (justicia).<\/p>\n<p>11) Dinamizar organizadamente la puesta en pr\u00e1ctica de los proyectos comunes (coherencia).<\/p>\n<p>&nbsp;<\/p>\n<p>Todo esto iluminado por la Palabra de Jes\u00fas y de San Francisco como el m\u00e1s humilde de sus disc\u00edpulos en la Tierra e invocando siempre la tutela de Mar\u00eda Inmaculada bajo cuyo manto protector queremos siempre estar.<\/p>\n","protected":false},"excerpt":{"rendered":"<p>Nuestra Identidad Institucional se basa en el equilibrio entre la Fe y la Cultura formando hombres creados y abiertos a la trascendencia, que vivan en Paz y Bien de acuerdo al carisma franciscano consigo mismo, con sus semejantes y la creaci\u00f3n toda.- Elegimos un proyecto de vida centrado de Cristo conforme a la Fe de [&hellip;]<\/p>\n","protected":false},"author":3,"featured_media":0,"comment_status":"closed","ping_status":"closed","sticky":false,"template":"","format":"standard","meta":{"_acf_changed":false,"footnotes":""},"categories":[90],"tags":[],"class_list":["post-968","post","type-post","status-publish","format-standard","hentry","category-institucional"],"acf":[],"_links":{"self":[{"href":"https:\/\/colegioinmaculada.com.ar\/portal\/wp-json\/wp\/v2\/posts\/968","targetHints":{"allow":["GET"]}}],"collection":[{"href":"https:\/\/colegioinmaculada.com.ar\/portal\/wp-json\/wp\/v2\/posts"}],"about":[{"href":"https:\/\/colegioinmaculada.com.ar\/portal\/wp-json\/wp\/v2\/types\/post"}],"author":[{"embeddable":true,"href":"https:\/\/colegioinmaculada.com.ar\/portal\/wp-json\/wp\/v2\/users\/3"}],"replies":[{"embeddable":true,"href":"https:\/\/colegioinmaculada.com.ar\/portal\/wp-json\/wp\/v2\/comments?post=968"}],"version-history":[{"count":1,"href":"https:\/\/colegioinmaculada.com.ar\/portal\/wp-json\/wp\/v2\/posts\/968\/revisions"}],"predecessor-version":[{"id":969,"href":"https:\/\/colegioinmaculada.com.ar\/portal\/wp-json\/wp\/v2\/posts\/968\/revisions\/969"}],"wp:attachment":[{"href":"https:\/\/colegioinmaculada.com.ar\/portal\/wp-json\/wp\/v2\/media?parent=968"}],"wp:term":[{"taxonomy":"category","embeddable":true,"href":"https:\/\/colegioinmaculada.com.ar\/portal\/wp-json\/wp\/v2\/categories?post=968"},{"taxonomy":"post_tag","embeddable":true,"href":"https:\/\/colegioinmaculada.com.ar\/portal\/wp-json\/wp\/v2\/tags?post=968"}],"curies":[{"name":"wp","href":"https:\/\/api.w.org\/{rel}","templated":true}]}}