{"id":962,"date":"2016-12-02T18:12:14","date_gmt":"2016-12-02T21:12:14","guid":{"rendered":"http:\/\/colegioinmaculada.com.ar\/portal\/?p=962"},"modified":"2021-08-06T10:52:23","modified_gmt":"2021-08-06T13:52:23","slug":"colegio-de-la-inmaculada","status":"publish","type":"post","link":"https:\/\/colegioinmaculada.com.ar\/portal\/colegio-de-la-inmaculada\/","title":{"rendered":"COLEGIO DE LA INMACULADA"},"content":{"rendered":"<p>El 1\u00ba de mayo de 1887 por iniciativa de su Padre Rector Fray Zen\u00f3n Bustos (en esos a\u00f1os futuro Obispo de C\u00f3rdoba)\u00a0 present\u00f3 un proyecto de su autor\u00eda, para la Fundaci\u00f3n de una escuela que fuera costeada y mantenida por la Tercera Orden Franciscana. En aquella memorable reuni\u00f3n, estuvieron presentes: el Hermano Ministro Lucrecio V\u00e1zquez, y los hermanos: Antonio Garz\u00f3n, Jacinto Roque R\u00edos, Andr\u00e9s Pi\u00f1ero, Jorge Pulson, Francisco Capelli, Jos\u00e9 Mart\u00ednez, N\u00e9stor Rodr\u00edguez, Agust\u00edn San Mill\u00e1n, y ausente el Hermano Secretario, Nicol\u00e1s Garz\u00f3n Maceda, que hab\u00eda renunciado, siendo electo en ese d\u00eda, para sucederlo, F\u00e9lix D. Garz\u00f3n Maceda.<\/p>\n<p>El 16 de diciembre de 1888, la Junta dispuso que fuesen elaborados reglamento y programa para la escuela, y al mismo tiempo el Padre Rector Fray Zen\u00f3n Bustos, propuso el nombre para la misma: <strong>\u201cEscuela de la Inmaculada Concepci\u00f3n\u201d<\/strong>, que fue aprobado por unanimidad.<\/p>\n<p>Este Establecimiento Educacional,\u00a0 tambi\u00e9n llamado <strong>\u201cColegio de la Inmaculada\u201d<\/strong>, abri\u00f3 sus puertas en marzo de 1889.<\/p>\n<p>En un principio fue escuela de varones, desde 1889 hasta 1896, y de mujeres, desde 1897 hasta 1913.<\/p>\n<p>En 1914, el Reverendo Padre Fray Antonio Mar\u00eda Mart\u00ednez, transforma el Colegio en un Instituto de Ense\u00f1anza para varones.<\/p>\n<p>Gracias al tes\u00f3n de este venerable sacerdote, la Escuela se ciment\u00f3 definitivamente alcanzado gran prestigio educacional que se mantiene a trav\u00e9s del tiempo.<\/p>\n<p>Durante el Ministerio de la Hermana Terciaria Sra. Mar\u00eda Ignacia Garz\u00f3n (2003-2006), el Colegio de la Tercera Orden Franciscana pasa a ser mixto en todos sus niveles.<\/p>\n<p>&nbsp;<\/p>\n<p><em>Datos extra\u00eddos del libro: \u00abLa Orden Franciscana de los Frailes Menores en la Ciudad de C\u00f3rdoba: la Tercera Orden y la fraternidad local \u201cSanta Rosa de Viterbo\u201d \u00bb de Garz\u00f3n de Nelles, Mar\u00eda Ignacia. 1\u00ba ed. C\u00f3rdoba: Del Copista. 2006<\/em><\/p>\n","protected":false},"excerpt":{"rendered":"<p>El 1\u00ba de mayo de 1887 por iniciativa de su Padre Rector Fray Zen\u00f3n Bustos (en esos a\u00f1os futuro Obispo de C\u00f3rdoba)\u00a0 present\u00f3 un proyecto de su autor\u00eda, para la Fundaci\u00f3n de una escuela que fuera costeada y mantenida por la Tercera Orden Franciscana. En aquella memorable reuni\u00f3n, estuvieron presentes: el Hermano Ministro Lucrecio V\u00e1zquez, [&hellip;]<\/p>\n","protected":false},"author":3,"featured_media":0,"comment_status":"closed","ping_status":"closed","sticky":false,"template":"","format":"standard","meta":{"_acf_changed":false,"footnotes":""},"categories":[90],"tags":[],"class_list":["post-962","post","type-post","status-publish","format-standard","hentry","category-institucional"],"acf":[],"_links":{"self":[{"href":"https:\/\/colegioinmaculada.com.ar\/portal\/wp-json\/wp\/v2\/posts\/962","targetHints":{"allow":["GET"]}}],"collection":[{"href":"https:\/\/colegioinmaculada.com.ar\/portal\/wp-json\/wp\/v2\/posts"}],"about":[{"href":"https:\/\/colegioinmaculada.com.ar\/portal\/wp-json\/wp\/v2\/types\/post"}],"author":[{"embeddable":true,"href":"https:\/\/colegioinmaculada.com.ar\/portal\/wp-json\/wp\/v2\/users\/3"}],"replies":[{"embeddable":true,"href":"https:\/\/colegioinmaculada.com.ar\/portal\/wp-json\/wp\/v2\/comments?post=962"}],"version-history":[{"count":4,"href":"https:\/\/colegioinmaculada.com.ar\/portal\/wp-json\/wp\/v2\/posts\/962\/revisions"}],"predecessor-version":[{"id":13617,"href":"https:\/\/colegioinmaculada.com.ar\/portal\/wp-json\/wp\/v2\/posts\/962\/revisions\/13617"}],"wp:attachment":[{"href":"https:\/\/colegioinmaculada.com.ar\/portal\/wp-json\/wp\/v2\/media?parent=962"}],"wp:term":[{"taxonomy":"category","embeddable":true,"href":"https:\/\/colegioinmaculada.com.ar\/portal\/wp-json\/wp\/v2\/categories?post=962"},{"taxonomy":"post_tag","embeddable":true,"href":"https:\/\/colegioinmaculada.com.ar\/portal\/wp-json\/wp\/v2\/tags?post=962"}],"curies":[{"name":"wp","href":"https:\/\/api.w.org\/{rel}","templated":true}]}}