{"id":48928,"date":"2026-08-20T12:37:13","date_gmt":"2026-08-20T15:37:13","guid":{"rendered":"https:\/\/colegioinmaculada.com.ar\/portal\/?p=48928"},"modified":"2026-08-20T12:37:13","modified_gmt":"2026-08-20T15:37:13","slug":"este-viernes-14-de-agosto-celebramos-el-dia-de-la-asuncion-de-la-virgen-maria-nivel-inicial","status":"publish","type":"post","link":"https:\/\/colegioinmaculada.com.ar\/portal\/este-viernes-14-de-agosto-celebramos-el-dia-de-la-asuncion-de-la-virgen-maria-nivel-inicial\/","title":{"rendered":"Este viernes 14 de agosto celebramos el d\u00eda de la Asunci\u00f3n de la Virgen Mar\u00eda. nivel inicial"},"content":{"rendered":"<div class=\"xdj266r x14z9mp xat24cr x1lziwak x1vvkbs x126k92a\">\n<div dir=\"auto\">Comunidad de la Inmaculada<\/div>\n<\/div>\n<div class=\"x14z9mp xat24cr x1lziwak x1vvkbs xtlvy1s x126k92a\">\n<div dir=\"auto\">Este viernes 14 de agosto celebramos el d\u00eda de la Asunci\u00f3n de la Virgen Mar\u00eda.<\/div>\n<\/div>\n<div class=\"x14z9mp xat24cr x1lziwak x1vvkbs xtlvy1s x126k92a\">\n<div dir=\"auto\">Una jornada plena de trabajo comunitario en la que \u00abtoda la Inmacu\u00bb festejo a Nuestra Madre..<\/div>\n<\/div>\n<div class=\"x14z9mp xat24cr x1lziwak x1vvkbs xtlvy1s x126k92a\">\n<div dir=\"auto\">Viva Nuestra Madre!!!<\/div>\n<\/div>\n<div class=\"x14z9mp xat24cr x1lziwak x1vvkbs xtlvy1s x126k92a\">\n<div dir=\"auto\">Les compartimos im\u00e1genes de la participaci\u00f3n de nuestros peque\u00f1os de nivel inicial!!!<\/div>\n<\/div>\n<div dir=\"auto\"><\/div>\n<div dir=\"auto\"><a href=\"https:\/\/www.facebook.com\/share\/p\/1ExAjmh7KC\/\">Para visualizar mas fotos ingrese a nuestro Facebook<\/a><\/div>\n<div dir=\"auto\"><\/div>\n<div dir=\"auto\"><a href=\"https:\/\/www.facebook.com\/share\/p\/1ExAjmh7KC\/\"><img loading=\"lazy\" decoding=\"async\" class=\"aligncenter size-full wp-image-48930\" src=\"https:\/\/colegioinmaculada.com.ar\/portal\/wp-content\/uploads\/2026\/08\/dia-virgen-fotos.png\" alt=\"\" width=\"591\" height=\"551\" \/><\/a><\/div>\n","protected":false},"excerpt":{"rendered":"<p>Comunidad de la Inmaculada Este viernes 14 de agosto celebramos el d\u00eda de la Asunci\u00f3n de la Virgen Mar\u00eda. Una jornada plena de trabajo comunitario en la que \u00abtoda la Inmacu\u00bb festejo a Nuestra Madre.. Viva Nuestra Madre!!! Les compartimos im\u00e1genes de la participaci\u00f3n de nuestros peque\u00f1os de nivel inicial!!! Para visualizar mas fotos ingrese [&hellip;]<\/p>\n","protected":false},"author":4,"featured_media":48929,"comment_status":"closed","ping_status":"closed","sticky":false,"template":"","format":"standard","meta":{"_acf_changed":false,"footnotes":""},"categories":[63,91,87],"tags":[],"class_list":["post-48928","post","type-post","status-publish","format-standard","has-post-thumbnail","hentry","category-novedades","category-novedades-nivel-incial","category-nivel-inicial"],"acf":[],"_links":{"self":[{"href":"https:\/\/colegioinmaculada.com.ar\/portal\/wp-json\/wp\/v2\/posts\/48928","targetHints":{"allow":["GET"]}}],"collection":[{"href":"https:\/\/colegioinmaculada.com.ar\/portal\/wp-json\/wp\/v2\/posts"}],"about":[{"href":"https:\/\/colegioinmaculada.com.ar\/portal\/wp-json\/wp\/v2\/types\/post"}],"author":[{"embeddable":true,"href":"https:\/\/colegioinmaculada.com.ar\/portal\/wp-json\/wp\/v2\/users\/4"}],"replies":[{"embeddable":true,"href":"https:\/\/colegioinmaculada.com.ar\/portal\/wp-json\/wp\/v2\/comments?post=48928"}],"version-history":[{"count":1,"href":"https:\/\/colegioinmaculada.com.ar\/portal\/wp-json\/wp\/v2\/posts\/48928\/revisions"}],"predecessor-version":[{"id":48931,"href":"https:\/\/colegioinmaculada.com.ar\/portal\/wp-json\/wp\/v2\/posts\/48928\/revisions\/48931"}],"wp:featuredmedia":[{"embeddable":true,"href":"https:\/\/colegioinmaculada.com.ar\/portal\/wp-json\/wp\/v2\/media\/48929"}],"wp:attachment":[{"href":"https:\/\/colegioinmaculada.com.ar\/portal\/wp-json\/wp\/v2\/media?parent=48928"}],"wp:term":[{"taxonomy":"category","embeddable":true,"href":"https:\/\/colegioinmaculada.com.ar\/portal\/wp-json\/wp\/v2\/categories?post=48928"},{"taxonomy":"post_tag","embeddable":true,"href":"https:\/\/colegioinmaculada.com.ar\/portal\/wp-json\/wp\/v2\/tags?post=48928"}],"curies":[{"name":"wp","href":"https:\/\/api.w.org\/{rel}","templated":true}]}}