{"id":48911,"date":"2026-08-19T13:17:42","date_gmt":"2026-08-19T16:17:42","guid":{"rendered":"https:\/\/colegioinmaculada.com.ar\/portal\/?p=48911"},"modified":"2026-08-20T12:32:25","modified_gmt":"2026-08-20T15:32:25","slug":"este-viernes-14-de-agosto-celebramos-el-dia-de-la-asuncion-de-la-virgen-maria","status":"publish","type":"post","link":"https:\/\/colegioinmaculada.com.ar\/portal\/este-viernes-14-de-agosto-celebramos-el-dia-de-la-asuncion-de-la-virgen-maria\/","title":{"rendered":"Este viernes 14 de agosto celebramos el d\u00eda de la Asunci\u00f3n de la Virgen Mar\u00eda."},"content":{"rendered":"<div class=\"x14z9mp xat24cr x1lziwak x1vvkbs xtlvy1s x126k92a\">\n<div dir=\"auto\">Este viernes 14 de agosto celebramos el d\u00eda de la Asunci\u00f3n de la Virgen Mar\u00eda.<\/div>\n<\/div>\n<div class=\"x14z9mp xat24cr x1lziwak x1vvkbs xtlvy1s x126k92a\">\n<div dir=\"auto\">Una jornada plena de trabajo comunitario en la que \u00abtoda la Inmacu\u00bb festejo a Nuestra Madre.<\/div>\n<\/div>\n<div class=\"x14z9mp xat24cr x1lziwak x1vvkbs xtlvy1s x126k92a\">\n<div dir=\"auto\">Gracias al trabajo de&#8230;<\/div>\n<\/div>\n<div class=\"x14z9mp xat24cr x1lziwak x1vvkbs xtlvy1s x126k92a\">\n<div dir=\"auto\">A Silvina Morales, Marcia Nelkes y Daniela Gioino por la ornamentaci\u00f3n del rosario misionero y de la im\u00e1gen de nuestra Madre y de la plazoleta.<\/div>\n<\/div>\n<div class=\"x14z9mp xat24cr x1lziwak x1vvkbs xtlvy1s x126k92a\">\n<div dir=\"auto\">Gracias a cada Inmacu de sexto grado que se prepar\u00f3 para la consagraci\u00f3n a la Virgen que prepararon, durante la semana previa, las Siete Alegrias de Mar\u00eda desde la mirada de San Francisco.<\/div>\n<\/div>\n<div class=\"x14z9mp xat24cr x1lziwak x1vvkbs xtlvy1s x126k92a\">\n<div dir=\"auto\">Gracias a cada estudiante del nivel secundario que participaron en los podcasts que diariamente presentaron a la comumidad preparando el coraz\u00f3n para esta celebraci\u00f3n. Un ENORME gracias a Silvina Morales por coordinarlos.<\/div>\n<\/div>\n<div class=\"x14z9mp xat24cr x1lziwak x1vvkbs xtlvy1s x126k92a\">\n<div dir=\"auto\">Gracias a los que portaron la imagen de Maria durante la celebraci\u00f3n.<\/div>\n<\/div>\n<div class=\"x14z9mp xat24cr x1lziwak x1vvkbs xtlvy1s x126k92a\">\n<div dir=\"auto\">Gracias a nuestros capellanes, Padre Pablo Ardiles y Padre Daniel Tejeda por guiar la celebraci\u00f3n y ayudarnos en la oraci\u00f3n.<\/div>\n<\/div>\n<div class=\"x14z9mp xat24cr x1lziwak x1vvkbs xtlvy1s x126k92a\">\n<div dir=\"auto\">El momento crucial de la ceremonia estuvo en la Consagraci\u00f3n a Maria por nuestros Inmacus de sexto grado. Un ENORME GRACIAS a cada uno de ellos por su SI al seguimiento de Mar\u00eda.<\/div>\n<\/div>\n<div class=\"x14z9mp xat24cr x1lziwak x1vvkbs xtlvy1s x126k92a\">\n<div dir=\"auto\">GRACIAS COMUNIDAD de la INMACU por cada detalle en la que todos estuvieron comprometidos, desde cada flor, cada dibujo, cada ornamento, cada micr\u00f3fono, cada espacio preparado para esta celebraci\u00f3n.<\/div>\n<\/div>\n<div class=\"x14z9mp xat24cr x1lziwak x1vvkbs xtlvy1s x126k92a\">\n<div dir=\"auto\">Gracias a las familias por acompa\u00f1arnos.<\/div>\n<\/div>\n<div class=\"x14z9mp xat24cr x1lziwak x1vvkbs xtlvy1s x126k92a\">\n<div dir=\"auto\">Viva Nuestra Madre!!!<\/div>\n<\/div>\n<div class=\"x14z9mp xat24cr x1lziwak x1vvkbs xtlvy1s x126k92a\">\n<div dir=\"auto\">Les compartimos im\u00e1genes de los dos turnos<\/div>\n<div dir=\"auto\"><\/div>\n<div dir=\"auto\"><a href=\"https:\/\/www.facebook.com\/share\/p\/1BgdikVkpG\/\">Para visualizar mas fotos ingrese a nuestro Facebook<\/a><\/div>\n<div dir=\"auto\"><a href=\"https:\/\/www.facebook.com\/share\/p\/1BgdikVkpG\/\"><br \/>\n<img loading=\"lazy\" decoding=\"async\" class=\"aligncenter size-full wp-image-48923\" src=\"https:\/\/colegioinmaculada.com.ar\/portal\/wp-content\/uploads\/2026\/08\/virgen-2026.png\" alt=\"\" width=\"588\" height=\"494\" \/><\/a><\/div>\n<\/div>\n<div dir=\"auto\"><\/div>\n","protected":false},"excerpt":{"rendered":"<p>Este viernes 14 de agosto celebramos el d\u00eda de la Asunci\u00f3n de la Virgen Mar\u00eda. Una jornada plena de trabajo comunitario en la que \u00abtoda la Inmacu\u00bb festejo a Nuestra Madre. Gracias al trabajo de&#8230; A Silvina Morales, Marcia Nelkes y Daniela Gioino por la ornamentaci\u00f3n del rosario misionero y de la im\u00e1gen de nuestra [&hellip;]<\/p>\n","protected":false},"author":4,"featured_media":48927,"comment_status":"closed","ping_status":"closed","sticky":false,"template":"","format":"standard","meta":{"_acf_changed":false,"footnotes":""},"categories":[63,91,92,93],"tags":[],"class_list":["post-48911","post","type-post","status-publish","format-standard","has-post-thumbnail","hentry","category-novedades","category-novedades-nivel-incial","category-novedades-nivel-primario","category-novedades-nivel-secundario"],"acf":[],"_links":{"self":[{"href":"https:\/\/colegioinmaculada.com.ar\/portal\/wp-json\/wp\/v2\/posts\/48911","targetHints":{"allow":["GET"]}}],"collection":[{"href":"https:\/\/colegioinmaculada.com.ar\/portal\/wp-json\/wp\/v2\/posts"}],"about":[{"href":"https:\/\/colegioinmaculada.com.ar\/portal\/wp-json\/wp\/v2\/types\/post"}],"author":[{"embeddable":true,"href":"https:\/\/colegioinmaculada.com.ar\/portal\/wp-json\/wp\/v2\/users\/4"}],"replies":[{"embeddable":true,"href":"https:\/\/colegioinmaculada.com.ar\/portal\/wp-json\/wp\/v2\/comments?post=48911"}],"version-history":[{"count":3,"href":"https:\/\/colegioinmaculada.com.ar\/portal\/wp-json\/wp\/v2\/posts\/48911\/revisions"}],"predecessor-version":[{"id":48926,"href":"https:\/\/colegioinmaculada.com.ar\/portal\/wp-json\/wp\/v2\/posts\/48911\/revisions\/48926"}],"wp:featuredmedia":[{"embeddable":true,"href":"https:\/\/colegioinmaculada.com.ar\/portal\/wp-json\/wp\/v2\/media\/48927"}],"wp:attachment":[{"href":"https:\/\/colegioinmaculada.com.ar\/portal\/wp-json\/wp\/v2\/media?parent=48911"}],"wp:term":[{"taxonomy":"category","embeddable":true,"href":"https:\/\/colegioinmaculada.com.ar\/portal\/wp-json\/wp\/v2\/categories?post=48911"},{"taxonomy":"post_tag","embeddable":true,"href":"https:\/\/colegioinmaculada.com.ar\/portal\/wp-json\/wp\/v2\/tags?post=48911"}],"curies":[{"name":"wp","href":"https:\/\/api.w.org\/{rel}","templated":true}]}}