{"id":44984,"date":"2025-11-25T11:55:28","date_gmt":"2025-11-25T14:55:28","guid":{"rendered":"https:\/\/colegioinmaculada.com.ar\/portal\/?p=44984"},"modified":"2025-12-09T10:08:50","modified_gmt":"2025-12-09T13:08:50","slug":"inscripcion-a-examenes-turno-diciembre-2025-2","status":"publish","type":"post","link":"https:\/\/colegioinmaculada.com.ar\/portal\/inscripcion-a-examenes-turno-diciembre-2025-2\/","title":{"rendered":"Inscripci\u00f3n a ex\u00e1menes previos turno DICIEMBRE 2025"},"content":{"rendered":"<p>Los estudiantes en condiciones de rendir asignaturas previas deben estar cursando en el ciclo 2025 o haber terminado su cursado regular en el 2024 o a\u00f1os anteriores. <strong>Podr\u00e1n inscribirse desde el 25 de noviembre hasta el 9 de diciembre de 2025.<\/strong><br \/>\nLos ex\u00e1menes seguir\u00e1n el siguiente <a href=\"https:\/\/drive.google.com\/file\/d\/1uczMjaqQfJjrD_dDhpFbkjCOmXUZ9OKL\/view?usp=sharing\">cronograma<\/a> y ser\u00e1n de manera presencial, seg\u00fan lo dispuso el Ministerio de Educaci\u00f3n de la Provincia de C\u00f3rdoba.<br \/>\nLos estudiantes deber\u00e1n presentarse con el uniforme del Instituto, DNI y los \u00fatiles correspondiente a cada examen.<br \/>\nSobre el procedimiento de inscripci\u00f3n:<br \/>\nAquellos estudiantes interesados en acreditar asignaturas en las mesas de ex\u00e1menes deber\u00e1n completar el siguiente <a href=\"https:\/\/forms.gle\/rpgrzBFoWPpGKeaB7\">formulario de inscripci\u00f3n.<\/a><br \/>\n<strong>\u00a0DEBER\u00c1 COMPLETAR UN FORMULARIO POR ASIGNATURA QUE DESEE RENDIR.<br \/>\n<\/strong><\/p>\n<p>IMPORTANTE: Si el estudiante posee m\u00e1s de dos previas, deber\u00e1 comunicarse por correo a secretariasecundario@colegiodelainmaculada.edu.ar hasta el 9 de diciembre para poder reprogramar los ex\u00e1menes, ya que no puede presentarse a m\u00e1s de dos mesas por d\u00eda.<\/p>\n","protected":false},"excerpt":{"rendered":"<p>Los estudiantes en condiciones de rendir asignaturas previas deben estar cursando en el ciclo 2025 o haber terminado su cursado regular en el 2024 o a\u00f1os anteriores. Podr\u00e1n inscribirse desde el 25 de noviembre hasta el 9 de diciembre de 2025. Los ex\u00e1menes seguir\u00e1n el siguiente cronograma y ser\u00e1n de manera presencial, seg\u00fan lo dispuso [&hellip;]<\/p>\n","protected":false},"author":3,"featured_media":44986,"comment_status":"closed","ping_status":"closed","sticky":false,"template":"","format":"standard","meta":{"_acf_changed":false,"footnotes":""},"categories":[93,89,9],"tags":[],"class_list":["post-44984","post","type-post","status-publish","format-standard","has-post-thumbnail","hentry","category-novedades-nivel-secundario","category-nivel-secundario","category-slideshow"],"acf":[],"_links":{"self":[{"href":"https:\/\/colegioinmaculada.com.ar\/portal\/wp-json\/wp\/v2\/posts\/44984","targetHints":{"allow":["GET"]}}],"collection":[{"href":"https:\/\/colegioinmaculada.com.ar\/portal\/wp-json\/wp\/v2\/posts"}],"about":[{"href":"https:\/\/colegioinmaculada.com.ar\/portal\/wp-json\/wp\/v2\/types\/post"}],"author":[{"embeddable":true,"href":"https:\/\/colegioinmaculada.com.ar\/portal\/wp-json\/wp\/v2\/users\/3"}],"replies":[{"embeddable":true,"href":"https:\/\/colegioinmaculada.com.ar\/portal\/wp-json\/wp\/v2\/comments?post=44984"}],"version-history":[{"count":2,"href":"https:\/\/colegioinmaculada.com.ar\/portal\/wp-json\/wp\/v2\/posts\/44984\/revisions"}],"predecessor-version":[{"id":45148,"href":"https:\/\/colegioinmaculada.com.ar\/portal\/wp-json\/wp\/v2\/posts\/44984\/revisions\/45148"}],"wp:featuredmedia":[{"embeddable":true,"href":"https:\/\/colegioinmaculada.com.ar\/portal\/wp-json\/wp\/v2\/media\/44986"}],"wp:attachment":[{"href":"https:\/\/colegioinmaculada.com.ar\/portal\/wp-json\/wp\/v2\/media?parent=44984"}],"wp:term":[{"taxonomy":"category","embeddable":true,"href":"https:\/\/colegioinmaculada.com.ar\/portal\/wp-json\/wp\/v2\/categories?post=44984"},{"taxonomy":"post_tag","embeddable":true,"href":"https:\/\/colegioinmaculada.com.ar\/portal\/wp-json\/wp\/v2\/tags?post=44984"}],"curies":[{"name":"wp","href":"https:\/\/api.w.org\/{rel}","templated":true}]}}