{"id":44810,"date":"2025-11-12T11:28:25","date_gmt":"2025-11-12T14:28:25","guid":{"rendered":"https:\/\/colegioinmaculada.com.ar\/portal\/?p=44810"},"modified":"2025-11-12T11:28:25","modified_gmt":"2025-11-12T14:28:25","slug":"nuestros-confirmandos-de-5to-y-6to-ano-su-confirmacion-en-nuestra-fe","status":"publish","type":"post","link":"https:\/\/colegioinmaculada.com.ar\/portal\/nuestros-confirmandos-de-5to-y-6to-ano-su-confirmacion-en-nuestra-fe\/","title":{"rendered":"Nuestros confirmandos de 5to y 6to a\u00f1o su Confirmaci\u00f3n en nuestra Fe."},"content":{"rendered":"<div class=\"xdj266r x14z9mp xat24cr x1lziwak x1vvkbs x126k92a\">\n<div dir=\"auto\">Comunidad de la Inmaculada<\/div>\n<\/div>\n<div class=\"x14z9mp xat24cr x1lziwak x1vvkbs xtlvy1s x126k92a\">\n<div dir=\"auto\">Hoy la comunidad de la Inmaculada comparti\u00f3 junto a nuestros confirmandos de 5to y 6to a\u00f1o su Confirmaci\u00f3n en nuestra Fe.<\/div>\n<\/div>\n<div class=\"x14z9mp xat24cr x1lziwak x1vvkbs xtlvy1s x126k92a\">\n<div dir=\"auto\">Una emotiva ceremonia presidida por nuestro Capell\u00e1n Pablo Ardiles, delegado por el Obispo, y concelebrada por Fray Eduardo Zatti.<\/div>\n<\/div>\n<div class=\"x14z9mp xat24cr x1lziwak x1vvkbs xtlvy1s x126k92a\">\n<div dir=\"auto\">Agradecemos a quienes acompa\u00f1aron la formaci\u00f3n desde octubre del 2024 hasta este noviembre.<\/div>\n<div dir=\"auto\">El Esp\u00edritu acompa\u00f1\u00f3 a todos en este a\u00f1o de formaci\u00f3n guiados por Mati Leiva.<\/div>\n<div dir=\"auto\">Gracias al equipo directo del nivel secundario por todo el trabajo de acompa\u00f1amiento. Gracias a la Orden Franciscana Seglar por ornamentar el altar y presb\u00edterio. Gracias a la profesora Leila Tarcetti por participar en el Gui\u00f3n de la celebraci\u00f3n.<\/div>\n<\/div>\n<div class=\"x14z9mp xat24cr x1lziwak x1vvkbs xtlvy1s x126k92a\">\n<div dir=\"auto\">Gracias a TODAS las familias por guiar, sostener y multiplicar la Fe de sus hijos y acompa\u00f1arlos en su Confirmaci\u00f3n.<\/div>\n<\/div>\n<div class=\"x14z9mp xat24cr x1lziwak x1vvkbs xtlvy1s x126k92a\">\n<div dir=\"auto\">Una sentida ceremonia en la que nos reencontramos con muchos ex Inmacus, momentos y recuerdos que llenan nuestros corazones de alegria.<\/div>\n<\/div>\n<div class=\"x14z9mp xat24cr x1lziwak x1vvkbs xtlvy1s x126k92a\">\n<div dir=\"auto\">Gracias a todos.<\/div>\n<\/div>\n<div class=\"x14z9mp xat24cr x1lziwak x1vvkbs xtlvy1s x126k92a\">\n<div dir=\"auto\">Felicitaciones por el SI de nuesttos Inmacus.<\/div>\n<\/div>\n<div class=\"x14z9mp xat24cr x1lziwak x1vvkbs xtlvy1s x126k92a\">\n<div dir=\"auto\">Paz y Bien.<\/div>\n<\/div>\n<div dir=\"auto\">Para visualizar mas fotos <a href=\"https:\/\/www.facebook.com\/share\/p\/1N1tAiwUR9\/\">aqu\u00ed<\/a><\/div>\n<div dir=\"auto\">Para visualizar video\u00a0<a href=\"https:\/\/www.facebook.com\/share\/v\/19pUAzqh5v\/\"> aqu\u00ed<\/a><\/div>\n<div dir=\"auto\"><\/div>\n<div dir=\"auto\"><\/div>\n<div dir=\"auto\"><img loading=\"lazy\" decoding=\"async\" class=\"aligncenter size-medium wp-image-44811\" src=\"https:\/\/colegioinmaculada.com.ar\/portal\/wp-content\/uploads\/2025\/11\/confirmacion2025-640x471.png\" alt=\"\" width=\"640\" height=\"471\" srcset=\"https:\/\/colegioinmaculada.com.ar\/portal\/wp-content\/uploads\/2025\/11\/confirmacion2025-640x471.png 640w, https:\/\/colegioinmaculada.com.ar\/portal\/wp-content\/uploads\/2025\/11\/confirmacion2025-768x565.png 768w, https:\/\/colegioinmaculada.com.ar\/portal\/wp-content\/uploads\/2025\/11\/confirmacion2025.png 784w\" sizes=\"auto, (max-width: 640px) 100vw, 640px\" \/><\/div>\n","protected":false},"excerpt":{"rendered":"<p>Comunidad de la Inmaculada Hoy la comunidad de la Inmaculada comparti\u00f3 junto a nuestros confirmandos de 5to y 6to a\u00f1o su Confirmaci\u00f3n en nuestra Fe. Una emotiva ceremonia presidida por nuestro Capell\u00e1n Pablo Ardiles, delegado por el Obispo, y concelebrada por Fray Eduardo Zatti. Agradecemos a quienes acompa\u00f1aron la formaci\u00f3n desde octubre del 2024 hasta [&hellip;]<\/p>\n","protected":false},"author":4,"featured_media":44811,"comment_status":"closed","ping_status":"closed","sticky":false,"template":"","format":"standard","meta":{"_acf_changed":false,"footnotes":""},"categories":[63,93],"tags":[],"class_list":["post-44810","post","type-post","status-publish","format-standard","has-post-thumbnail","hentry","category-novedades","category-novedades-nivel-secundario"],"acf":[],"_links":{"self":[{"href":"https:\/\/colegioinmaculada.com.ar\/portal\/wp-json\/wp\/v2\/posts\/44810","targetHints":{"allow":["GET"]}}],"collection":[{"href":"https:\/\/colegioinmaculada.com.ar\/portal\/wp-json\/wp\/v2\/posts"}],"about":[{"href":"https:\/\/colegioinmaculada.com.ar\/portal\/wp-json\/wp\/v2\/types\/post"}],"author":[{"embeddable":true,"href":"https:\/\/colegioinmaculada.com.ar\/portal\/wp-json\/wp\/v2\/users\/4"}],"replies":[{"embeddable":true,"href":"https:\/\/colegioinmaculada.com.ar\/portal\/wp-json\/wp\/v2\/comments?post=44810"}],"version-history":[{"count":1,"href":"https:\/\/colegioinmaculada.com.ar\/portal\/wp-json\/wp\/v2\/posts\/44810\/revisions"}],"predecessor-version":[{"id":44812,"href":"https:\/\/colegioinmaculada.com.ar\/portal\/wp-json\/wp\/v2\/posts\/44810\/revisions\/44812"}],"wp:featuredmedia":[{"embeddable":true,"href":"https:\/\/colegioinmaculada.com.ar\/portal\/wp-json\/wp\/v2\/media\/44811"}],"wp:attachment":[{"href":"https:\/\/colegioinmaculada.com.ar\/portal\/wp-json\/wp\/v2\/media?parent=44810"}],"wp:term":[{"taxonomy":"category","embeddable":true,"href":"https:\/\/colegioinmaculada.com.ar\/portal\/wp-json\/wp\/v2\/categories?post=44810"},{"taxonomy":"post_tag","embeddable":true,"href":"https:\/\/colegioinmaculada.com.ar\/portal\/wp-json\/wp\/v2\/tags?post=44810"}],"curies":[{"name":"wp","href":"https:\/\/api.w.org\/{rel}","templated":true}]}}