{"id":44748,"date":"2025-11-07T13:36:36","date_gmt":"2025-11-07T16:36:36","guid":{"rendered":"https:\/\/colegioinmaculada.com.ar\/portal\/?p=44748"},"modified":"2025-11-07T13:36:36","modified_gmt":"2025-11-07T16:36:36","slug":"campana-a-favor-de-colectar-insumos-para-el-desayunador-madre-transito","status":"publish","type":"post","link":"https:\/\/colegioinmaculada.com.ar\/portal\/campana-a-favor-de-colectar-insumos-para-el-desayunador-madre-transito\/","title":{"rendered":"Campa\u00f1a a favor de colectar insumos para el Desayunador \u00abMadre Tr\u00e1nsito\u00bb."},"content":{"rendered":"<div class=\"xdj266r x14z9mp xat24cr x1lziwak x1vvkbs x126k92a\">\n<div dir=\"auto\">Comunidad de la Inmaculada<\/div>\n<\/div>\n<div class=\"x14z9mp xat24cr x1lziwak x1vvkbs xtlvy1s x126k92a\">\n<div dir=\"auto\">Agradecemos a todos los que colaboraron en la campa\u00f1a a favor de colectar insumos para el Desayunador \u00abMadre Tr\u00e1nsito\u00bb.<\/div>\n<\/div>\n<div class=\"x14z9mp xat24cr x1lziwak x1vvkbs xtlvy1s x126k92a\">\n<div dir=\"auto\">Felicitaciones a nuestros Inmacus de 6to grado B y C y de 6to a\u00f1o A y B por todo lo realizado en pos de esta campa\u00f1a a cargo de Silvina Morales y Brenda G\u00f3mez.<\/div>\n<div dir=\"auto\">Para ver mas fotos presione <a href=\"https:\/\/www.facebook.com\/share\/p\/17cdnsKE29\/\">aqu\u00ed<\/a><\/div>\n<div dir=\"auto\"><\/div>\n<div dir=\"auto\"><img loading=\"lazy\" decoding=\"async\" class=\"aligncenter  wp-image-44749\" src=\"https:\/\/colegioinmaculada.com.ar\/portal\/wp-content\/uploads\/2025\/11\/agradecimiento2-640x640.jpg\" alt=\"\" width=\"497\" height=\"497\" srcset=\"https:\/\/colegioinmaculada.com.ar\/portal\/wp-content\/uploads\/2025\/11\/agradecimiento2-640x640.jpg 640w, https:\/\/colegioinmaculada.com.ar\/portal\/wp-content\/uploads\/2025\/11\/agradecimiento2-1366x1366.jpg 1366w, https:\/\/colegioinmaculada.com.ar\/portal\/wp-content\/uploads\/2025\/11\/agradecimiento2-768x768.jpg 768w, https:\/\/colegioinmaculada.com.ar\/portal\/wp-content\/uploads\/2025\/11\/agradecimiento2-1536x1536.jpg 1536w, https:\/\/colegioinmaculada.com.ar\/portal\/wp-content\/uploads\/2025\/11\/agradecimiento2.jpg 1599w\" sizes=\"auto, (max-width: 497px) 100vw, 497px\" \/><\/div>\n<\/div>\n","protected":false},"excerpt":{"rendered":"<p>Comunidad de la Inmaculada Agradecemos a todos los que colaboraron en la campa\u00f1a a favor de colectar insumos para el Desayunador \u00abMadre Tr\u00e1nsito\u00bb. Felicitaciones a nuestros Inmacus de 6to grado B y C y de 6to a\u00f1o A y B por todo lo realizado en pos de esta campa\u00f1a a cargo de Silvina Morales y [&hellip;]<\/p>\n","protected":false},"author":4,"featured_media":44749,"comment_status":"closed","ping_status":"closed","sticky":false,"template":"","format":"standard","meta":{"_acf_changed":false,"footnotes":""},"categories":[63],"tags":[],"class_list":["post-44748","post","type-post","status-publish","format-standard","has-post-thumbnail","hentry","category-novedades"],"acf":[],"_links":{"self":[{"href":"https:\/\/colegioinmaculada.com.ar\/portal\/wp-json\/wp\/v2\/posts\/44748","targetHints":{"allow":["GET"]}}],"collection":[{"href":"https:\/\/colegioinmaculada.com.ar\/portal\/wp-json\/wp\/v2\/posts"}],"about":[{"href":"https:\/\/colegioinmaculada.com.ar\/portal\/wp-json\/wp\/v2\/types\/post"}],"author":[{"embeddable":true,"href":"https:\/\/colegioinmaculada.com.ar\/portal\/wp-json\/wp\/v2\/users\/4"}],"replies":[{"embeddable":true,"href":"https:\/\/colegioinmaculada.com.ar\/portal\/wp-json\/wp\/v2\/comments?post=44748"}],"version-history":[{"count":1,"href":"https:\/\/colegioinmaculada.com.ar\/portal\/wp-json\/wp\/v2\/posts\/44748\/revisions"}],"predecessor-version":[{"id":44750,"href":"https:\/\/colegioinmaculada.com.ar\/portal\/wp-json\/wp\/v2\/posts\/44748\/revisions\/44750"}],"wp:featuredmedia":[{"embeddable":true,"href":"https:\/\/colegioinmaculada.com.ar\/portal\/wp-json\/wp\/v2\/media\/44749"}],"wp:attachment":[{"href":"https:\/\/colegioinmaculada.com.ar\/portal\/wp-json\/wp\/v2\/media?parent=44748"}],"wp:term":[{"taxonomy":"category","embeddable":true,"href":"https:\/\/colegioinmaculada.com.ar\/portal\/wp-json\/wp\/v2\/categories?post=44748"},{"taxonomy":"post_tag","embeddable":true,"href":"https:\/\/colegioinmaculada.com.ar\/portal\/wp-json\/wp\/v2\/tags?post=44748"}],"curies":[{"name":"wp","href":"https:\/\/api.w.org\/{rel}","templated":true}]}}