{"id":44421,"date":"2025-10-13T11:22:21","date_gmt":"2025-10-13T14:22:21","guid":{"rendered":"https:\/\/colegioinmaculada.com.ar\/portal\/?p=44421"},"modified":"2025-10-13T11:26:23","modified_gmt":"2025-10-13T14:26:23","slug":"matriculas-2026-alumnos-del-colegio","status":"publish","type":"post","link":"https:\/\/colegioinmaculada.com.ar\/portal\/matriculas-2026-alumnos-del-colegio\/","title":{"rendered":"MATRICULAS 2026 . ALUMNOS del COLEGIO"},"content":{"rendered":"<p><strong><img loading=\"lazy\" decoding=\"async\" class=\"wp-image-15059 alignleft\" src=\"https:\/\/colegioinmaculada.com.ar\/portal\/wp-content\/uploads\/2021\/12\/Escudo-Inmaculada.png\" alt=\"\" width=\"102\" height=\"133\" \/>\u00a0 \u00a0<\/strong><\/p>\n<p>&nbsp;<\/p>\n<p><strong>Colegio de la Inmaculada<\/strong><\/p>\n<p>&nbsp;<\/p>\n<hr \/>\n<p><strong>Matr\u00edculas 2026 para Alumnos actuales del Colegio<\/strong><\/p>\n<p>Querida comunidad:<br \/>\nSe encuentran habilitadas las inscripciones a <strong>MATRICULAS 2026 . ALUMNOS del COLEGIO<\/strong>. Podr\u00e1n acceder a trav\u00e9s del siguiente link:<\/p>\n<p><span style=\"color: #0000ff;\"><a style=\"color: #0000ff;\" href=\"https:\/\/colegioinmaculada.com.ar\/inmaculadaonline\/app\/0step-0.php\">ACCESO AL FORMULARIO<\/a><\/span><\/p>\n<p>&nbsp;<\/p>\n<p>Paz y Bien<\/p>\n<p>Direcci\u00f3n de Nivel Primario<\/p>\n<p>&nbsp;<\/p>\n","protected":false},"excerpt":{"rendered":"<p>\u00a0 \u00a0 &nbsp; Colegio de la Inmaculada &nbsp; Matr\u00edculas 2026 para Alumnos actuales del Colegio Querida comunidad: Se encuentran habilitadas las inscripciones a MATRICULAS 2026 . ALUMNOS del COLEGIO. Podr\u00e1n acceder a trav\u00e9s del siguiente link: ACCESO AL FORMULARIO &nbsp; Paz y Bien Direcci\u00f3n de Nivel Primario &nbsp;<\/p>\n","protected":false},"author":1,"featured_media":44422,"comment_status":"closed","ping_status":"closed","sticky":false,"template":"","format":"standard","meta":{"_acf_changed":false,"footnotes":""},"categories":[93,9],"tags":[],"class_list":["post-44421","post","type-post","status-publish","format-standard","has-post-thumbnail","hentry","category-novedades-nivel-secundario","category-slideshow"],"acf":[],"_links":{"self":[{"href":"https:\/\/colegioinmaculada.com.ar\/portal\/wp-json\/wp\/v2\/posts\/44421","targetHints":{"allow":["GET"]}}],"collection":[{"href":"https:\/\/colegioinmaculada.com.ar\/portal\/wp-json\/wp\/v2\/posts"}],"about":[{"href":"https:\/\/colegioinmaculada.com.ar\/portal\/wp-json\/wp\/v2\/types\/post"}],"author":[{"embeddable":true,"href":"https:\/\/colegioinmaculada.com.ar\/portal\/wp-json\/wp\/v2\/users\/1"}],"replies":[{"embeddable":true,"href":"https:\/\/colegioinmaculada.com.ar\/portal\/wp-json\/wp\/v2\/comments?post=44421"}],"version-history":[{"count":3,"href":"https:\/\/colegioinmaculada.com.ar\/portal\/wp-json\/wp\/v2\/posts\/44421\/revisions"}],"predecessor-version":[{"id":44426,"href":"https:\/\/colegioinmaculada.com.ar\/portal\/wp-json\/wp\/v2\/posts\/44421\/revisions\/44426"}],"wp:featuredmedia":[{"embeddable":true,"href":"https:\/\/colegioinmaculada.com.ar\/portal\/wp-json\/wp\/v2\/media\/44422"}],"wp:attachment":[{"href":"https:\/\/colegioinmaculada.com.ar\/portal\/wp-json\/wp\/v2\/media?parent=44421"}],"wp:term":[{"taxonomy":"category","embeddable":true,"href":"https:\/\/colegioinmaculada.com.ar\/portal\/wp-json\/wp\/v2\/categories?post=44421"},{"taxonomy":"post_tag","embeddable":true,"href":"https:\/\/colegioinmaculada.com.ar\/portal\/wp-json\/wp\/v2\/tags?post=44421"}],"curies":[{"name":"wp","href":"https:\/\/api.w.org\/{rel}","templated":true}]}}