{"id":43757,"date":"2025-08-29T15:01:04","date_gmt":"2025-08-29T18:01:04","guid":{"rendered":"https:\/\/colegioinmaculada.com.ar\/portal\/?p=43757"},"modified":"2025-08-29T15:01:50","modified_gmt":"2025-08-29T18:01:50","slug":"nivel-primario-feria-de-ciencias-arte-y-tecnologia-2025-turno-tarde","status":"publish","type":"post","link":"https:\/\/colegioinmaculada.com.ar\/portal\/nivel-primario-feria-de-ciencias-arte-y-tecnologia-2025-turno-tarde\/","title":{"rendered":"Nivel Primario &#8211; Feria de Ciencias, Arte y Tecnolog\u00eda 2025. Turno tarde"},"content":{"rendered":"<div class=\"x14z9mp xat24cr x1lziwak x1vvkbs xtlvy1s x126k92a\">\n<div dir=\"auto\">Les compartimos momentos de la Feria de Ciencias, Arte y Tecnolog\u00eda 2025.<\/div>\n<\/div>\n<div class=\"x14z9mp xat24cr x1lziwak x1vvkbs xtlvy1s x126k92a\">\n<div dir=\"auto\">Hoy compartimos una jornada muy especial donde nuestros Inmacus se convirtieron en investigadores de ciencias naturales y sociales. Adem\u00e1s, con mucho entusiasmo desplegaron todos sus trabajos de Arte, Ingl\u00e9s y Computaci\u00f3n!<\/div>\n<\/div>\n<div class=\"x14z9mp xat24cr x1lziwak x1vvkbs xtlvy1s x126k92a\">\n<div dir=\"auto\">Gracias a TODOS los docentes por TODO el trabajo realizado!!!<\/div>\n<\/div>\n<div class=\"x14z9mp xat24cr x1lziwak x1vvkbs xtlvy1s x126k92a\">\n<div dir=\"auto\">Gracias a nuestros Inmacus por las presentaciones realizadas!!<\/div>\n<\/div>\n<div class=\"x14z9mp xat24cr x1lziwak x1vvkbs xtlvy1s x126k92a\">\n<div dir=\"auto\">Gracias a las familias por acompa\u00f1arnos!!<\/div>\n<\/div>\n<div class=\"x14z9mp xat24cr x1lziwak x1vvkbs xtlvy1s x126k92a\">\n<div dir=\"auto\">Fue un d\u00eda en clave franciscana porque todos los proyectos estuvieron alineados con la enciclica \u00abLaudato Si\u00bb y en el 800 aniversario del C\u00e1ntico de las Criaturas.<\/div>\n<\/div>\n<div class=\"x14z9mp xat24cr x1lziwak x1vvkbs xtlvy1s x126k92a\">\n<div dir=\"auto\">Felicitamos a todo el nivel primario por su dedicaci\u00f3n, creatividad y alegr\u00eda!!!<\/div>\n<\/div>\n<div dir=\"auto\"><\/div>\n<div dir=\"auto\"><iframe loading=\"lazy\" style=\"border: none; overflow: hidden;\" src=\"https:\/\/www.facebook.com\/plugins\/post.php?href=https%3A%2F%2Fwww.facebook.com%2Fcolegioinmaculadaofs%2Fposts%2Fpfbid02MhQNXjv8uECmc9d5ics9N39jk3SkGayJse4VdVRgHdaYod4v6R1mzbo4MKPNuaxxl&amp;show_text=true&amp;width=500\" width=\"500\" height=\"572\" frameborder=\"0\" scrolling=\"no\" allowfullscreen=\"allowfullscreen\"><span data-mce-type=\"bookmark\" style=\"display: inline-block; width: 0px; overflow: hidden; line-height: 0;\" class=\"mce_SELRES_start\">\ufeff<\/span><\/iframe><\/div>\n","protected":false},"excerpt":{"rendered":"<p>Les compartimos momentos de la Feria de Ciencias, Arte y Tecnolog\u00eda 2025. Hoy compartimos una jornada muy especial donde nuestros Inmacus se convirtieron en investigadores de ciencias naturales y sociales. Adem\u00e1s, con mucho entusiasmo desplegaron todos sus trabajos de Arte, Ingl\u00e9s y Computaci\u00f3n! Gracias a TODOS los docentes por TODO el trabajo realizado!!! Gracias a [&hellip;]<\/p>\n","protected":false},"author":4,"featured_media":43758,"comment_status":"closed","ping_status":"closed","sticky":false,"template":"","format":"standard","meta":{"_acf_changed":false,"footnotes":""},"categories":[90,63,95,92,88],"tags":[],"class_list":["post-43757","post","type-post","status-publish","format-standard","has-post-thumbnail","hentry","category-institucional","category-novedades","category-novedades-niveles","category-novedades-nivel-primario","category-nivel-primario"],"acf":[],"_links":{"self":[{"href":"https:\/\/colegioinmaculada.com.ar\/portal\/wp-json\/wp\/v2\/posts\/43757","targetHints":{"allow":["GET"]}}],"collection":[{"href":"https:\/\/colegioinmaculada.com.ar\/portal\/wp-json\/wp\/v2\/posts"}],"about":[{"href":"https:\/\/colegioinmaculada.com.ar\/portal\/wp-json\/wp\/v2\/types\/post"}],"author":[{"embeddable":true,"href":"https:\/\/colegioinmaculada.com.ar\/portal\/wp-json\/wp\/v2\/users\/4"}],"replies":[{"embeddable":true,"href":"https:\/\/colegioinmaculada.com.ar\/portal\/wp-json\/wp\/v2\/comments?post=43757"}],"version-history":[{"count":2,"href":"https:\/\/colegioinmaculada.com.ar\/portal\/wp-json\/wp\/v2\/posts\/43757\/revisions"}],"predecessor-version":[{"id":43762,"href":"https:\/\/colegioinmaculada.com.ar\/portal\/wp-json\/wp\/v2\/posts\/43757\/revisions\/43762"}],"wp:featuredmedia":[{"embeddable":true,"href":"https:\/\/colegioinmaculada.com.ar\/portal\/wp-json\/wp\/v2\/media\/43758"}],"wp:attachment":[{"href":"https:\/\/colegioinmaculada.com.ar\/portal\/wp-json\/wp\/v2\/media?parent=43757"}],"wp:term":[{"taxonomy":"category","embeddable":true,"href":"https:\/\/colegioinmaculada.com.ar\/portal\/wp-json\/wp\/v2\/categories?post=43757"},{"taxonomy":"post_tag","embeddable":true,"href":"https:\/\/colegioinmaculada.com.ar\/portal\/wp-json\/wp\/v2\/tags?post=43757"}],"curies":[{"name":"wp","href":"https:\/\/api.w.org\/{rel}","templated":true}]}}