{"id":4086,"date":"2018-12-08T07:31:23","date_gmt":"2018-12-08T10:31:23","guid":{"rendered":"http:\/\/colegioinmaculada.com.ar\/portal\/?p=4086"},"modified":"2021-08-06T12:38:35","modified_gmt":"2021-08-06T15:38:35","slug":"valores-franciscanos-que-guian-nuestro-camino-2","status":"publish","type":"post","link":"https:\/\/colegioinmaculada.com.ar\/portal\/valores-franciscanos-que-guian-nuestro-camino-2\/","title":{"rendered":"Valores Franciscanos que gu\u00edan nuestro camino"},"content":{"rendered":"<p><span style=\"color: #3b2a2a;\"><strong>PAZ Y BIEN<\/strong><\/span><\/p>\n<p>La comunidad educativa se convierte en un instrumento real de paz hacia los dem\u00e1s.<\/p>\n<p><span style=\"color: #3b2a2a;\"><strong>RESPONSABILIDAD<\/strong><\/span><\/p>\n<p>La comunidad educativa asume el control de su propia vida, responde por sus actos y cumple con sus obligaciones.<\/p>\n<p><span style=\"color: #3b2a2a;\"><strong>ALEGR\u00cdA<\/strong><\/span><\/p>\n<p>De modo que la comunidad educativa viva el encuentro con Dios, el hombre y el mundo, como un don maravilloso.<\/p>\n<p><span style=\"color: #3b2a2a;\"><strong>LA HONESTIDAD<\/strong><\/span><\/p>\n<p>En donde la comunidad educativa identifique la armon\u00eda del pensar y el actuar con el ejemplo de San Francisco de As\u00eds.<\/p>\n<p><span style=\"color: #3b2a2a;\"><strong>EL RESPETO POR LA DIFERENCIA<\/strong><\/span><\/p>\n<p>En donde la comunidad educativa entienda que no se debe buscar ser comprendido sino comprender.<\/p>\n<p><span style=\"color: #3b2a2a;\"><strong>LA HUMILDAD<\/strong><\/span><\/p>\n<p>La comunidad educativa llega a su m\u00e1xima expresi\u00f3n en comuni\u00f3n fraterna.<\/p>\n<p><span style=\"color: #3b2a2a;\"><strong>LA SENCILLEZ<\/strong><\/span><\/p>\n<p>Para que la Comunidad educativa descubra que las cosas grandes que reciben est\u00e1n generalmente en las peque\u00f1eces.<\/p>\n<p><span style=\"color: #3b2a2a;\"><strong>FRATERNIDAD<\/strong><\/span><\/p>\n<p>La comunidad educativa descubre en el otro un hermano<\/p>\n<p><img loading=\"lazy\" decoding=\"async\" class=\"alignnone size-medium wp-image-4087\" src=\"http:\/\/colegioinmaculada.com.ar\/portal\/wp-content\/uploads\/2018\/12\/san-francisco-001-640x236-640x236.png\" alt=\"san-francisco-001-640x236\" width=\"640\" height=\"236\" \/><\/p>\n<p>&nbsp;<\/p>\n","protected":false},"excerpt":{"rendered":"<p>PAZ Y BIEN La comunidad educativa se convierte en un instrumento real de paz hacia los dem\u00e1s. RESPONSABILIDAD La comunidad educativa asume el control de su propia vida, responde por sus actos y cumple con sus obligaciones. ALEGR\u00cdA De modo que la comunidad educativa viva el encuentro con Dios, el hombre y el mundo, como [&hellip;]<\/p>\n","protected":false},"author":5,"featured_media":0,"comment_status":"closed","ping_status":"closed","sticky":false,"template":"","format":"standard","meta":{"_acf_changed":false,"footnotes":""},"categories":[90,92,88],"tags":[],"class_list":["post-4086","post","type-post","status-publish","format-standard","hentry","category-institucional","category-novedades-nivel-primario","category-nivel-primario"],"acf":[],"_links":{"self":[{"href":"https:\/\/colegioinmaculada.com.ar\/portal\/wp-json\/wp\/v2\/posts\/4086","targetHints":{"allow":["GET"]}}],"collection":[{"href":"https:\/\/colegioinmaculada.com.ar\/portal\/wp-json\/wp\/v2\/posts"}],"about":[{"href":"https:\/\/colegioinmaculada.com.ar\/portal\/wp-json\/wp\/v2\/types\/post"}],"author":[{"embeddable":true,"href":"https:\/\/colegioinmaculada.com.ar\/portal\/wp-json\/wp\/v2\/users\/5"}],"replies":[{"embeddable":true,"href":"https:\/\/colegioinmaculada.com.ar\/portal\/wp-json\/wp\/v2\/comments?post=4086"}],"version-history":[{"count":4,"href":"https:\/\/colegioinmaculada.com.ar\/portal\/wp-json\/wp\/v2\/posts\/4086\/revisions"}],"predecessor-version":[{"id":13620,"href":"https:\/\/colegioinmaculada.com.ar\/portal\/wp-json\/wp\/v2\/posts\/4086\/revisions\/13620"}],"wp:attachment":[{"href":"https:\/\/colegioinmaculada.com.ar\/portal\/wp-json\/wp\/v2\/media?parent=4086"}],"wp:term":[{"taxonomy":"category","embeddable":true,"href":"https:\/\/colegioinmaculada.com.ar\/portal\/wp-json\/wp\/v2\/categories?post=4086"},{"taxonomy":"post_tag","embeddable":true,"href":"https:\/\/colegioinmaculada.com.ar\/portal\/wp-json\/wp\/v2\/tags?post=4086"}],"curies":[{"name":"wp","href":"https:\/\/api.w.org\/{rel}","templated":true}]}}