{"id":37817,"date":"2024-09-25T19:48:13","date_gmt":"2024-09-25T22:48:13","guid":{"rendered":"https:\/\/colegioinmaculada.com.ar\/portal\/?p=37817"},"modified":"2024-09-25T19:50:07","modified_gmt":"2024-09-25T22:50:07","slug":"charla-taller-para-padres-sobre-el-desarrollo-del-lenguaje","status":"publish","type":"post","link":"https:\/\/colegioinmaculada.com.ar\/portal\/charla-taller-para-padres-sobre-el-desarrollo-del-lenguaje\/","title":{"rendered":"Charla taller para padres sobre el desarrollo del lenguaje"},"content":{"rendered":"<p>Seguimos creciendo junto a nuestra comunidad de padres, en este caso convocamos a profesionales en el \u00e1rea de Fonoaudiolog\u00eda, para nutrirnos sobre el desarrollo de la comunicaci\u00f3n y el lenguaje en la temprana edad.<br \/>\nFue un espacio de apertura y riqueza informativa que el nivel inicial ofreci\u00f3 a las familias de salas de 3 y 4 para continuar acompa\u00f1ando a nuestras infancias en su desarrollo integral.<\/p>\n<p><img loading=\"lazy\" decoding=\"async\" class=\"alignnone wp-image-37819\" src=\"https:\/\/colegioinmaculada.com.ar\/portal\/wp-content\/uploads\/2024\/09\/WhatsApp-Image-2024-09-25-at-08.33.34-1-640x482.jpeg\" alt=\"\" width=\"507\" height=\"382\" srcset=\"https:\/\/colegioinmaculada.com.ar\/portal\/wp-content\/uploads\/2024\/09\/WhatsApp-Image-2024-09-25-at-08.33.34-1-640x482.jpeg 640w, https:\/\/colegioinmaculada.com.ar\/portal\/wp-content\/uploads\/2024\/09\/WhatsApp-Image-2024-09-25-at-08.33.34-1-1366x1028.jpeg 1366w, https:\/\/colegioinmaculada.com.ar\/portal\/wp-content\/uploads\/2024\/09\/WhatsApp-Image-2024-09-25-at-08.33.34-1-768x578.jpeg 768w, https:\/\/colegioinmaculada.com.ar\/portal\/wp-content\/uploads\/2024\/09\/WhatsApp-Image-2024-09-25-at-08.33.34-1-1536x1156.jpeg 1536w, https:\/\/colegioinmaculada.com.ar\/portal\/wp-content\/uploads\/2024\/09\/WhatsApp-Image-2024-09-25-at-08.33.34-1.jpeg 1600w\" sizes=\"auto, (max-width: 507px) 100vw, 507px\" \/><\/p>\n<p><img loading=\"lazy\" decoding=\"async\" class=\"alignnone wp-image-37818\" src=\"https:\/\/colegioinmaculada.com.ar\/portal\/wp-content\/uploads\/2024\/09\/WhatsApp-Image-2024-09-25-at-08.33.34-640x482.jpeg\" alt=\"\" width=\"516\" height=\"388\" srcset=\"https:\/\/colegioinmaculada.com.ar\/portal\/wp-content\/uploads\/2024\/09\/WhatsApp-Image-2024-09-25-at-08.33.34-640x482.jpeg 640w, https:\/\/colegioinmaculada.com.ar\/portal\/wp-content\/uploads\/2024\/09\/WhatsApp-Image-2024-09-25-at-08.33.34-1366x1028.jpeg 1366w, https:\/\/colegioinmaculada.com.ar\/portal\/wp-content\/uploads\/2024\/09\/WhatsApp-Image-2024-09-25-at-08.33.34-768x578.jpeg 768w, https:\/\/colegioinmaculada.com.ar\/portal\/wp-content\/uploads\/2024\/09\/WhatsApp-Image-2024-09-25-at-08.33.34-1536x1156.jpeg 1536w, https:\/\/colegioinmaculada.com.ar\/portal\/wp-content\/uploads\/2024\/09\/WhatsApp-Image-2024-09-25-at-08.33.34.jpeg 1600w\" sizes=\"auto, (max-width: 516px) 100vw, 516px\" \/><\/p>\n","protected":false},"excerpt":{"rendered":"<p>Seguimos creciendo junto a nuestra comunidad de padres, en este caso convocamos a profesionales en el \u00e1rea de Fonoaudiolog\u00eda, para nutrirnos sobre el desarrollo de la comunicaci\u00f3n y el lenguaje en la temprana edad. Fue un espacio de apertura y riqueza informativa que el nivel inicial ofreci\u00f3 a las familias de salas de 3 y [&hellip;]<\/p>\n","protected":false},"author":6,"featured_media":0,"comment_status":"closed","ping_status":"closed","sticky":false,"template":"","format":"standard","meta":{"_acf_changed":false,"footnotes":""},"categories":[95,91],"tags":[],"class_list":["post-37817","post","type-post","status-publish","format-standard","hentry","category-novedades-niveles","category-novedades-nivel-incial"],"acf":[],"_links":{"self":[{"href":"https:\/\/colegioinmaculada.com.ar\/portal\/wp-json\/wp\/v2\/posts\/37817","targetHints":{"allow":["GET"]}}],"collection":[{"href":"https:\/\/colegioinmaculada.com.ar\/portal\/wp-json\/wp\/v2\/posts"}],"about":[{"href":"https:\/\/colegioinmaculada.com.ar\/portal\/wp-json\/wp\/v2\/types\/post"}],"author":[{"embeddable":true,"href":"https:\/\/colegioinmaculada.com.ar\/portal\/wp-json\/wp\/v2\/users\/6"}],"replies":[{"embeddable":true,"href":"https:\/\/colegioinmaculada.com.ar\/portal\/wp-json\/wp\/v2\/comments?post=37817"}],"version-history":[{"count":2,"href":"https:\/\/colegioinmaculada.com.ar\/portal\/wp-json\/wp\/v2\/posts\/37817\/revisions"}],"predecessor-version":[{"id":37822,"href":"https:\/\/colegioinmaculada.com.ar\/portal\/wp-json\/wp\/v2\/posts\/37817\/revisions\/37822"}],"wp:attachment":[{"href":"https:\/\/colegioinmaculada.com.ar\/portal\/wp-json\/wp\/v2\/media?parent=37817"}],"wp:term":[{"taxonomy":"category","embeddable":true,"href":"https:\/\/colegioinmaculada.com.ar\/portal\/wp-json\/wp\/v2\/categories?post=37817"},{"taxonomy":"post_tag","embeddable":true,"href":"https:\/\/colegioinmaculada.com.ar\/portal\/wp-json\/wp\/v2\/tags?post=37817"}],"curies":[{"name":"wp","href":"https:\/\/api.w.org\/{rel}","templated":true}]}}