{"id":37811,"date":"2024-09-25T19:29:42","date_gmt":"2024-09-25T22:29:42","guid":{"rendered":"https:\/\/colegioinmaculada.com.ar\/portal\/?p=37811"},"modified":"2024-09-25T19:41:26","modified_gmt":"2024-09-25T22:41:26","slug":"taller-de-educacion-sexual-integral-con-padres","status":"publish","type":"post","link":"https:\/\/colegioinmaculada.com.ar\/portal\/taller-de-educacion-sexual-integral-con-padres\/","title":{"rendered":"Taller de ESI para padres"},"content":{"rendered":"<p>La comunidad de padres de salas de 5 del nivel inicial, compartieron un espacio de reflexi\u00f3n, en el marco de la educaci\u00f3n sexual integral, bajo la modalidad de taller dirigido por nuestro Equipo de Orientaci\u00f3n Escolar.<br \/>\nNuestro compromiso como pilares s\u00f3lidos en el acompa\u00f1amiento de nuestros ni\u00f1as y ni\u00f1os, se fortalecen en estos encuentros de apertura y retroalimentaci\u00f3n. Sigamos creciendo en una educaci\u00f3n de calidad.<\/p>\n<p><img loading=\"lazy\" decoding=\"async\" class=\"alignnone wp-image-37812\" src=\"https:\/\/colegioinmaculada.com.ar\/portal\/wp-content\/uploads\/2024\/09\/WhatsApp-Image-2024-09-25-at-08.32.18-640x482.jpeg\" alt=\"\" width=\"513\" height=\"386\" srcset=\"https:\/\/colegioinmaculada.com.ar\/portal\/wp-content\/uploads\/2024\/09\/WhatsApp-Image-2024-09-25-at-08.32.18-640x482.jpeg 640w, https:\/\/colegioinmaculada.com.ar\/portal\/wp-content\/uploads\/2024\/09\/WhatsApp-Image-2024-09-25-at-08.32.18-1366x1028.jpeg 1366w, https:\/\/colegioinmaculada.com.ar\/portal\/wp-content\/uploads\/2024\/09\/WhatsApp-Image-2024-09-25-at-08.32.18-768x578.jpeg 768w, https:\/\/colegioinmaculada.com.ar\/portal\/wp-content\/uploads\/2024\/09\/WhatsApp-Image-2024-09-25-at-08.32.18-1536x1156.jpeg 1536w, https:\/\/colegioinmaculada.com.ar\/portal\/wp-content\/uploads\/2024\/09\/WhatsApp-Image-2024-09-25-at-08.32.18.jpeg 1600w\" sizes=\"auto, (max-width: 513px) 100vw, 513px\" \/><\/p>\n","protected":false},"excerpt":{"rendered":"<p>La comunidad de padres de salas de 5 del nivel inicial, compartieron un espacio de reflexi\u00f3n, en el marco de la educaci\u00f3n sexual integral, bajo la modalidad de taller dirigido por nuestro Equipo de Orientaci\u00f3n Escolar. Nuestro compromiso como pilares s\u00f3lidos en el acompa\u00f1amiento de nuestros ni\u00f1as y ni\u00f1os, se fortalecen en estos encuentros de [&hellip;]<\/p>\n","protected":false},"author":6,"featured_media":0,"comment_status":"closed","ping_status":"closed","sticky":false,"template":"","format":"standard","meta":{"_acf_changed":false,"footnotes":""},"categories":[91],"tags":[],"class_list":["post-37811","post","type-post","status-publish","format-standard","hentry","category-novedades-nivel-incial"],"acf":[],"_links":{"self":[{"href":"https:\/\/colegioinmaculada.com.ar\/portal\/wp-json\/wp\/v2\/posts\/37811","targetHints":{"allow":["GET"]}}],"collection":[{"href":"https:\/\/colegioinmaculada.com.ar\/portal\/wp-json\/wp\/v2\/posts"}],"about":[{"href":"https:\/\/colegioinmaculada.com.ar\/portal\/wp-json\/wp\/v2\/types\/post"}],"author":[{"embeddable":true,"href":"https:\/\/colegioinmaculada.com.ar\/portal\/wp-json\/wp\/v2\/users\/6"}],"replies":[{"embeddable":true,"href":"https:\/\/colegioinmaculada.com.ar\/portal\/wp-json\/wp\/v2\/comments?post=37811"}],"version-history":[{"count":3,"href":"https:\/\/colegioinmaculada.com.ar\/portal\/wp-json\/wp\/v2\/posts\/37811\/revisions"}],"predecessor-version":[{"id":37816,"href":"https:\/\/colegioinmaculada.com.ar\/portal\/wp-json\/wp\/v2\/posts\/37811\/revisions\/37816"}],"wp:attachment":[{"href":"https:\/\/colegioinmaculada.com.ar\/portal\/wp-json\/wp\/v2\/media?parent=37811"}],"wp:term":[{"taxonomy":"category","embeddable":true,"href":"https:\/\/colegioinmaculada.com.ar\/portal\/wp-json\/wp\/v2\/categories?post=37811"},{"taxonomy":"post_tag","embeddable":true,"href":"https:\/\/colegioinmaculada.com.ar\/portal\/wp-json\/wp\/v2\/tags?post=37811"}],"curies":[{"name":"wp","href":"https:\/\/api.w.org\/{rel}","templated":true}]}}