{"id":33402,"date":"2023-12-22T16:11:32","date_gmt":"2023-12-22T19:11:32","guid":{"rendered":"https:\/\/colegioinmaculada.com.ar\/portal\/?p=33402"},"modified":"2025-03-20T12:02:56","modified_gmt":"2025-03-20T15:02:56","slug":"instancia-de-examenes-complementarios-febrero-2024","status":"publish","type":"post","link":"https:\/\/colegioinmaculada.com.ar\/portal\/instancia-de-examenes-complementarios-febrero-2024\/","title":{"rendered":"Instancia de ex\u00e1menes complementarios &#8211; Febrero 2025"},"content":{"rendered":"<p>Los estudiantes que cursaron en el 2024, y no aprobaron alguna asignatura durante el cursado, ni en la instancia de coloquio (diciembre 2024); deber\u00e1n rendir con tribunal docente en ex\u00e1menes complementarios. Lo har\u00e1n tambi\u00e9n aquellos estudiantes que habiendo acreditado el 80% de los trabajos de la tercera materia, no hayan aprobado la asignatura en la instancia de coloquio (diciembre 2024).<\/p>\n<p>Para conocer el cronograma de los ex\u00e1menes complementarios de Febrero 2025 haga <a href=\"https:\/\/drive.google.com\/file\/d\/1q4oqMlPL7bcObOdROWXfwr2_phUtVbTz\/view?usp=sharing\"><span style=\"color: #3366ff;\">click aqu\u00ed.<\/span><\/a><\/p>\n","protected":false},"excerpt":{"rendered":"<p>Los estudiantes que cursaron en el 2024, y no aprobaron alguna asignatura durante el cursado, ni en la instancia de coloquio (diciembre 2024); deber\u00e1n rendir con tribunal docente en ex\u00e1menes complementarios. Lo har\u00e1n tambi\u00e9n aquellos estudiantes que habiendo acreditado el 80% de los trabajos de la tercera materia, no hayan aprobado la asignatura en la [&hellip;]<\/p>\n","protected":false},"author":3,"featured_media":8682,"comment_status":"closed","ping_status":"closed","sticky":false,"template":"","format":"standard","meta":{"_acf_changed":false,"footnotes":""},"categories":[93,89,1],"tags":[141,151,150],"class_list":["post-33402","post","type-post","status-publish","format-standard","has-post-thumbnail","hentry","category-novedades-nivel-secundario","category-nivel-secundario","category-sin-categoria","tag-examenes-febrero","tag-exemenes-complementarios","tag-febrero-2024"],"acf":[],"_links":{"self":[{"href":"https:\/\/colegioinmaculada.com.ar\/portal\/wp-json\/wp\/v2\/posts\/33402","targetHints":{"allow":["GET"]}}],"collection":[{"href":"https:\/\/colegioinmaculada.com.ar\/portal\/wp-json\/wp\/v2\/posts"}],"about":[{"href":"https:\/\/colegioinmaculada.com.ar\/portal\/wp-json\/wp\/v2\/types\/post"}],"author":[{"embeddable":true,"href":"https:\/\/colegioinmaculada.com.ar\/portal\/wp-json\/wp\/v2\/users\/3"}],"replies":[{"embeddable":true,"href":"https:\/\/colegioinmaculada.com.ar\/portal\/wp-json\/wp\/v2\/comments?post=33402"}],"version-history":[{"count":4,"href":"https:\/\/colegioinmaculada.com.ar\/portal\/wp-json\/wp\/v2\/posts\/33402\/revisions"}],"predecessor-version":[{"id":39489,"href":"https:\/\/colegioinmaculada.com.ar\/portal\/wp-json\/wp\/v2\/posts\/33402\/revisions\/39489"}],"wp:featuredmedia":[{"embeddable":true,"href":"https:\/\/colegioinmaculada.com.ar\/portal\/wp-json\/wp\/v2\/media\/8682"}],"wp:attachment":[{"href":"https:\/\/colegioinmaculada.com.ar\/portal\/wp-json\/wp\/v2\/media?parent=33402"}],"wp:term":[{"taxonomy":"category","embeddable":true,"href":"https:\/\/colegioinmaculada.com.ar\/portal\/wp-json\/wp\/v2\/categories?post=33402"},{"taxonomy":"post_tag","embeddable":true,"href":"https:\/\/colegioinmaculada.com.ar\/portal\/wp-json\/wp\/v2\/tags?post=33402"}],"curies":[{"name":"wp","href":"https:\/\/api.w.org\/{rel}","templated":true}]}}