{"id":16747,"date":"2022-03-22T11:09:49","date_gmt":"2022-03-22T14:09:49","guid":{"rendered":"https:\/\/colegioinmaculada.com.ar\/portal\/?p=16747"},"modified":"2023-03-21T13:32:17","modified_gmt":"2023-03-21T16:32:17","slug":"informacion-cuota-marzo-2023","status":"publish","type":"post","link":"https:\/\/colegioinmaculada.com.ar\/portal\/informacion-cuota-marzo-2023\/","title":{"rendered":"Informaci\u00f3n Cuota Marzo 2023"},"content":{"rendered":"<p style=\"text-align: right;\">C\u00f3rdoba, Marzo 20 de 2023<\/p>\n<p>Sres. Padres<br \/>\nRef.: Monto de aranceles de ense\u00f1anza<br \/>\nNivel Primario y Secundario<\/p>\n<p>Nos acercamos a Ustedes para comunicarles los valores provisorios de las cuotas correspondientes al mes de marzo.<br \/>\nComo en a\u00f1os anteriores, durante el mes de marzo se configura un monto de cuota que luego es aprobado por las autoridades del Ministerio de Educaci\u00f3n ( DGIPE), seg\u00fan el porcentaje que \u00e9ste fije por aumentos salariales docentes.<br \/>\nLos aranceles de marzo son los que se detallan a continuaci\u00f3n y las diferencias que surjan, seg\u00fan lo indicado por DGIPE, se comunicar\u00e1n en el momento de recibir la aprobaci\u00f3n ministerial.<\/p>\n<p><strong>Nivel Inicial (Sala 4 y 5 a\u00f1os) $21..000,00.-<\/strong><br \/>\n<strong>Nivel Primario (1\u00ba a 6\u00ba grado) $16.000,00.-<\/strong><br \/>\n<strong>C.B.U. y Ciclo de Especializaci\u00f3n (Nivel Secundario) $15.500,00.-<\/strong><br \/>\n<strong>Cuota de transporte a El Carmelo (Nivel Secundario) $2.400,00.<\/strong><\/p>\n<p>Les informamos que por disposici\u00f3n de la divisi\u00f3n de Auditor\u00eda de la DGIPE desde este ciclo lectivo debimos separar las asignaciones del nivel inicial y del nivel primario. Esto implica que el monto total de gastos de cada nivel debe distribuirse por el n\u00famero total de estudiantes de cada nivel.<\/p>\n<p>Podr\u00e1n descargar los cupones de: https:\/\/colegioinmaculada.com.ar\/ &#8211; AUTOGESTION<\/p>\n<p>&nbsp;<\/p>\n","protected":false},"excerpt":{"rendered":"<p>C\u00f3rdoba, Marzo 20 de 2023 Sres. Padres Ref.: Monto de aranceles de ense\u00f1anza Nivel Primario y Secundario Nos acercamos a Ustedes para comunicarles los valores provisorios de las cuotas correspondientes al mes de marzo. Como en a\u00f1os anteriores, durante el mes de marzo se configura un monto de cuota que luego es aprobado por las [&hellip;]<\/p>\n","protected":false},"author":3,"featured_media":0,"comment_status":"closed","ping_status":"closed","sticky":false,"template":"","format":"standard","meta":{"_acf_changed":false,"footnotes":""},"categories":[63,95,91,92,93],"tags":[],"class_list":["post-16747","post","type-post","status-publish","format-standard","hentry","category-novedades","category-novedades-niveles","category-novedades-nivel-incial","category-novedades-nivel-primario","category-novedades-nivel-secundario"],"acf":[],"_links":{"self":[{"href":"https:\/\/colegioinmaculada.com.ar\/portal\/wp-json\/wp\/v2\/posts\/16747","targetHints":{"allow":["GET"]}}],"collection":[{"href":"https:\/\/colegioinmaculada.com.ar\/portal\/wp-json\/wp\/v2\/posts"}],"about":[{"href":"https:\/\/colegioinmaculada.com.ar\/portal\/wp-json\/wp\/v2\/types\/post"}],"author":[{"embeddable":true,"href":"https:\/\/colegioinmaculada.com.ar\/portal\/wp-json\/wp\/v2\/users\/3"}],"replies":[{"embeddable":true,"href":"https:\/\/colegioinmaculada.com.ar\/portal\/wp-json\/wp\/v2\/comments?post=16747"}],"version-history":[{"count":4,"href":"https:\/\/colegioinmaculada.com.ar\/portal\/wp-json\/wp\/v2\/posts\/16747\/revisions"}],"predecessor-version":[{"id":28129,"href":"https:\/\/colegioinmaculada.com.ar\/portal\/wp-json\/wp\/v2\/posts\/16747\/revisions\/28129"}],"wp:attachment":[{"href":"https:\/\/colegioinmaculada.com.ar\/portal\/wp-json\/wp\/v2\/media?parent=16747"}],"wp:term":[{"taxonomy":"category","embeddable":true,"href":"https:\/\/colegioinmaculada.com.ar\/portal\/wp-json\/wp\/v2\/categories?post=16747"},{"taxonomy":"post_tag","embeddable":true,"href":"https:\/\/colegioinmaculada.com.ar\/portal\/wp-json\/wp\/v2\/tags?post=16747"}],"curies":[{"name":"wp","href":"https:\/\/api.w.org\/{rel}","templated":true}]}}