{"id":13831,"date":"2021-08-27T12:16:41","date_gmt":"2021-08-27T15:16:41","guid":{"rendered":"https:\/\/colegioinmaculada.com.ar\/portal\/?p=13831"},"modified":"2025-07-21T11:32:46","modified_gmt":"2025-07-21T14:32:46","slug":"matricula-ciclo-lectivo-2026","status":"publish","type":"post","link":"https:\/\/colegioinmaculada.com.ar\/portal\/matricula-ciclo-lectivo-2026\/","title":{"rendered":"Solicitud de ingreso Ciclo Lectivo 2026 &#8211; Nivel Secundario &#8211; 1\u00ba, 2\u00ba y 3\u00ba a\u00f1o"},"content":{"rendered":"<p><strong>SOLICITUD DE INGRESO AL NIVEL SECUNDARIO CICLO 2026<\/strong><\/p>\n<p>Estimadas familias:<\/p>\n<p>A partir de agosto se encuentra habilitado el formulario de <strong>nuevos<\/strong> aspirantes para el ingreso 2026 al Nivel Secundario para 1\u00ba, 2\u00ba y 3\u00ba a\u00f1o. Los hermanos de estudiantes que asisten actualmente a la instituci\u00f3n, deber\u00e1n completar el mismo, <strong>hasta el 10 de septiembre<\/strong>, por razones organizativas.<\/p>\n<p>Podr\u00e1n acceder directamente a trav\u00e9s del\u00a0 siguiente link\u00a0 \u00a0<a href=\"https:\/\/colegioinmaculada.com.ar\/inmaculadaonline\/app\/0step-1.php\">https:\/\/colegioinmaculada.com.ar\/inmaculadaonline\/app\/0step-1.php<\/a><\/p>\n<p>El presente formulario es una solicitud de vacante, la instituci\u00f3n convocar\u00e1 a una entrevista <strong>solamente<\/strong> a aquellos aspirantes que cumplan con todos los requisitos.\u00a0 Una vez completo el cupo ya no se convocar\u00e1 a entrevistas.<\/p>\n<p>Ud. podr\u00e1 acceder a las <a href=\"https:\/\/drive.google.com\/file\/d\/1Om0qnaLLSonmhSgDO6DyTU6XTrlgHr4P\/view?usp=sharing\">CONDICIONES DE MATRICULA 2026 <\/a><a href=\"https:\/\/colegioinmaculada.com.ar\/portal\/condiciones-de-matricula-nivel-secundario\/\">aqu\u00ed<\/a>.<\/p>\n<p>Para consultas: 0351-156-412382 (solo WhatsApp Horario de 8.00 a 12.00 hs.)<br \/>\nCorreo de secretar\u00eda: <a href=\"mailto:secretariasecundario@colegiodelainmaculada.edu.ar\">secretariasecundario@colegiodelainmaculada.edu.ar<\/a><\/p>\n<p>Horario de 8.00 a 12.00 hs.<\/p>\n<p>&nbsp;<\/p>\n<p>Paz y Bien.<\/p>\n<p>Direcci\u00f3n de Nivel Secundario.<\/p>\n<p>&nbsp;<\/p>\n<p><img loading=\"lazy\" decoding=\"async\" class=\"aligncenter size-medium wp-image-21046\" src=\"https:\/\/colegioinmaculada.com.ar\/portal\/wp-content\/uploads\/2021\/08\/WhatsApp-Image-2020-12-17-at-12.04.56-480x640.jpeg\" alt=\"\" width=\"480\" height=\"640\" srcset=\"https:\/\/colegioinmaculada.com.ar\/portal\/wp-content\/uploads\/2021\/08\/WhatsApp-Image-2020-12-17-at-12.04.56-480x640.jpeg 480w, https:\/\/colegioinmaculada.com.ar\/portal\/wp-content\/uploads\/2021\/08\/WhatsApp-Image-2020-12-17-at-12.04.56-768x1024.jpeg 768w, https:\/\/colegioinmaculada.com.ar\/portal\/wp-content\/uploads\/2021\/08\/WhatsApp-Image-2020-12-17-at-12.04.56.jpeg 960w\" sizes=\"auto, (max-width: 480px) 100vw, 480px\" \/><\/p>\n<p>&nbsp;<\/p>\n","protected":false},"excerpt":{"rendered":"<p>SOLICITUD DE INGRESO AL NIVEL SECUNDARIO CICLO 2026 Estimadas familias: A partir de agosto se encuentra habilitado el formulario de nuevos aspirantes para el ingreso 2026 al Nivel Secundario para 1\u00ba, 2\u00ba y 3\u00ba a\u00f1o. Los hermanos de estudiantes que asisten actualmente a la instituci\u00f3n, deber\u00e1n completar el mismo, hasta el 10 de septiembre, por [&hellip;]<\/p>\n","protected":false},"author":4,"featured_media":8682,"comment_status":"closed","ping_status":"closed","sticky":true,"template":"","format":"standard","meta":{"_acf_changed":false,"footnotes":""},"categories":[63,95,93,86,89,9],"tags":[154],"class_list":["post-13831","post","type-post","status-publish","format-standard","has-post-thumbnail","hentry","category-novedades","category-novedades-niveles","category-novedades-nivel-secundario","category-niveles","category-nivel-secundario","category-slideshow","tag-ciclo-2025"],"acf":[],"_links":{"self":[{"href":"https:\/\/colegioinmaculada.com.ar\/portal\/wp-json\/wp\/v2\/posts\/13831","targetHints":{"allow":["GET"]}}],"collection":[{"href":"https:\/\/colegioinmaculada.com.ar\/portal\/wp-json\/wp\/v2\/posts"}],"about":[{"href":"https:\/\/colegioinmaculada.com.ar\/portal\/wp-json\/wp\/v2\/types\/post"}],"author":[{"embeddable":true,"href":"https:\/\/colegioinmaculada.com.ar\/portal\/wp-json\/wp\/v2\/users\/4"}],"replies":[{"embeddable":true,"href":"https:\/\/colegioinmaculada.com.ar\/portal\/wp-json\/wp\/v2\/comments?post=13831"}],"version-history":[{"count":16,"href":"https:\/\/colegioinmaculada.com.ar\/portal\/wp-json\/wp\/v2\/posts\/13831\/revisions"}],"predecessor-version":[{"id":43124,"href":"https:\/\/colegioinmaculada.com.ar\/portal\/wp-json\/wp\/v2\/posts\/13831\/revisions\/43124"}],"wp:featuredmedia":[{"embeddable":true,"href":"https:\/\/colegioinmaculada.com.ar\/portal\/wp-json\/wp\/v2\/media\/8682"}],"wp:attachment":[{"href":"https:\/\/colegioinmaculada.com.ar\/portal\/wp-json\/wp\/v2\/media?parent=13831"}],"wp:term":[{"taxonomy":"category","embeddable":true,"href":"https:\/\/colegioinmaculada.com.ar\/portal\/wp-json\/wp\/v2\/categories?post=13831"},{"taxonomy":"post_tag","embeddable":true,"href":"https:\/\/colegioinmaculada.com.ar\/portal\/wp-json\/wp\/v2\/tags?post=13831"}],"curies":[{"name":"wp","href":"https:\/\/api.w.org\/{rel}","templated":true}]}}